{"id":69926,"date":"2016-04-20T16:22:29","date_gmt":"2016-04-20T13:22:29","guid":{"rendered":"http:\/\/www.sana.sy\/tr\/?p=69926"},"modified":"2016-04-20T16:19:04","modified_gmt":"2016-04-20T13:19:04","slug":"caferi-terorun-suriyede-hezimete-ugratilmamasi-halinde-bu-terorun-rusya-cin-roma-ve-daha-baska-devletlere-yayilacagini-bruksel-paris-ve-daha-baska-sehirlerde-meydana-gelen-teror-saldirilarinin-d","status":"publish","type":"post","link":"https:\/\/archive.sana.sy\/tr\/?p=69926","title":{"rendered":"Caferi ter\u00f6r\u00fcn Suriye&#8217;de hezimete u\u011frat\u0131lmamas\u0131 halinde bu ter\u00f6r\u00fcn Rusya, \u00c7in, Roma ve daha ba\u015fka devletlere yay\u0131laca\u011f\u0131n\u0131, Br\u00fcksel, Paris ve daha ba\u015fka \u015fehirlerde meydana gelen ter\u00f6r sald\u0131r\u0131lar\u0131n\u0131n da bunu kan\u0131tlad\u0131\u011f\u0131n\u0131n alt\u0131n\u0131 \u00e7izdi"},"content":{"rendered":"<p>Caferi ter\u00f6r\u00fcn Suriye&#8217;de hezimete u\u011frat\u0131lmamas\u0131 halinde bu ter\u00f6r\u00fcn Rusya, \u00c7in, Roma ve daha ba\u015fka devletlere yay\u0131laca\u011f\u0131n\u0131, Br\u00fcksel, Paris ve daha ba\u015fka \u015fehirlerde meydana gelen ter\u00f6r sald\u0131r\u0131lar\u0131n\u0131n da bunu kan\u0131tlad\u0131\u011f\u0131n\u0131n alt\u0131n\u0131 \u00e7izdi<\/p>\n","protected":false},"excerpt":{"rendered":"<p>Caferi ter\u00f6r\u00fcn Suriye&#8217;de hezimete u\u011frat\u0131lmamas\u0131 halinde bu ter\u00f6r\u00fcn Rusya, \u00c7in, Roma ve daha ba\u015fka devletlere yay\u0131laca\u011f\u0131n\u0131, Br\u00fcksel, Paris ve daha ba\u015fka \u015fehirlerde meydana gelen ter\u00f6r sald\u0131r\u0131lar\u0131n\u0131n da bunu kan\u0131tlad\u0131\u011f\u0131n\u0131n alt\u0131n\u0131 \u00e7izdi<\/p>\n","protected":false},"author":1,"featured_media":0,"comment_status":"closed","ping_status":"closed","sticky":false,"template":"","format":"standard","meta":{"footnotes":""},"categories":[17991],"tags":[],"class_list":["post-69926","post","type-post","status-publish","format-standard","","category-son-dakika"],"_links":{"self":[{"href":"https:\/\/archive.sana.sy\/tr\/index.php?rest_route=\/wp\/v2\/posts\/69926","targetHints":{"allow":["GET"]}}],"collection":[{"href":"https:\/\/archive.sana.sy\/tr\/index.php?rest_route=\/wp\/v2\/posts"}],"about":[{"href":"https:\/\/archive.sana.sy\/tr\/index.php?rest_route=\/wp\/v2\/types\/post"}],"author":[{"embeddable":true,"href":"https:\/\/archive.sana.sy\/tr\/index.php?rest_route=\/wp\/v2\/users\/1"}],"replies":[{"embeddable":true,"href":"https:\/\/archive.sana.sy\/tr\/index.php?rest_route=%2Fwp%2Fv2%2Fcomments&post=69926"}],"version-history":[{"count":0,"href":"https:\/\/archive.sana.sy\/tr\/index.php?rest_route=\/wp\/v2\/posts\/69926\/revisions"}],"wp:attachment":[{"href":"https:\/\/archive.sana.sy\/tr\/index.php?rest_route=%2Fwp%2Fv2%2Fmedia&parent=69926"}],"wp:term":[{"taxonomy":"category","embeddable":true,"href":"https:\/\/archive.sana.sy\/tr\/index.php?rest_route=%2Fwp%2Fv2%2Fcategories&post=69926"},{"taxonomy":"post_tag","embeddable":true,"href":"https:\/\/archive.sana.sy\/tr\/index.php?rest_route=%2Fwp%2Fv2%2Ftags&post=69926"}],"curies":[{"name":"wp","href":"https:\/\/api.w.org\/{rel}","templated":true}]}}