{"id":69928,"date":"2016-04-20T16:24:50","date_gmt":"2016-04-20T13:24:50","guid":{"rendered":"http:\/\/www.sana.sy\/tr\/?p=69928"},"modified":"2016-04-20T16:21:26","modified_gmt":"2016-04-20T13:21:26","slug":"sozlerine-devam-eden-caferi-suriyede-faaliyet-gosteren-isid-nusra-cephesi-ve-daha-baska-isimler-altindaki-teror-orgutlerin-bir-kisim-devletlerden-aldiklari-destek-ve-ortu-sayesinde-bes-yildan-fazl","status":"publish","type":"post","link":"https:\/\/archive.sana.sy\/tr\/?p=69928","title":{"rendered":"S\u00f6zlerine devam eden Caferi; Suriye&#8217;de faaliyet g\u00f6steren I\u015e\u0130D, Nusra Cephesi ve daha ba\u015fka isimler alt\u0131ndaki ter\u00f6r \u00f6rg\u00fctlerin bir k\u0131s\u0131m devletlerden ald\u0131klar\u0131 destek ve \u00f6rt\u00fc sayesinde be\u015f y\u0131ldan fazla s\u00fcredir Suriye ve halk\u0131na kar\u015f\u0131 bu ter\u00f6rlerini s\u00fcrd\u00fcrd\u00fcklerinin alt\u0131n\u0131 \u00e7izdi"},"content":{"rendered":"<p>S\u00f6zlerine devam eden Caferi; Suriye&#8217;de faaliyet g\u00f6steren I\u015e\u0130D, Nusra Cephesi ve daha ba\u015fka isimler alt\u0131ndaki ter\u00f6r \u00f6rg\u00fctlerin bir k\u0131s\u0131m devletlerden ald\u0131klar\u0131 destek ve \u00f6rt\u00fc sayesinde be\u015f y\u0131ldan fazla s\u00fcredir Suriye ve halk\u0131na kar\u015f\u0131 bu ter\u00f6rlerini s\u00fcrd\u00fcrd\u00fcklerinin alt\u0131n\u0131 \u00e7izdi<\/p>\n","protected":false},"excerpt":{"rendered":"<p>S\u00f6zlerine devam eden Caferi; Suriye&#8217;de faaliyet g\u00f6steren I\u015e\u0130D, Nusra Cephesi ve daha ba\u015fka isimler alt\u0131ndaki ter\u00f6r \u00f6rg\u00fctlerin bir k\u0131s\u0131m devletlerden ald\u0131klar\u0131 destek ve \u00f6rt\u00fc sayesinde be\u015f y\u0131ldan fazla s\u00fcredir Suriye ve halk\u0131na kar\u015f\u0131 bu ter\u00f6rlerini s\u00fcrd\u00fcrd\u00fcklerinin alt\u0131n\u0131 \u00e7izdi<\/p>\n","protected":false},"author":1,"featured_media":0,"comment_status":"closed","ping_status":"closed","sticky":false,"template":"","format":"standard","meta":{"footnotes":""},"categories":[17991],"tags":[],"class_list":["post-69928","post","type-post","status-publish","format-standard","","category-son-dakika"],"_links":{"self":[{"href":"https:\/\/archive.sana.sy\/tr\/index.php?rest_route=\/wp\/v2\/posts\/69928","targetHints":{"allow":["GET"]}}],"collection":[{"href":"https:\/\/archive.sana.sy\/tr\/index.php?rest_route=\/wp\/v2\/posts"}],"about":[{"href":"https:\/\/archive.sana.sy\/tr\/index.php?rest_route=\/wp\/v2\/types\/post"}],"author":[{"embeddable":true,"href":"https:\/\/archive.sana.sy\/tr\/index.php?rest_route=\/wp\/v2\/users\/1"}],"replies":[{"embeddable":true,"href":"https:\/\/archive.sana.sy\/tr\/index.php?rest_route=%2Fwp%2Fv2%2Fcomments&post=69928"}],"version-history":[{"count":0,"href":"https:\/\/archive.sana.sy\/tr\/index.php?rest_route=\/wp\/v2\/posts\/69928\/revisions"}],"wp:attachment":[{"href":"https:\/\/archive.sana.sy\/tr\/index.php?rest_route=%2Fwp%2Fv2%2Fmedia&parent=69928"}],"wp:term":[{"taxonomy":"category","embeddable":true,"href":"https:\/\/archive.sana.sy\/tr\/index.php?rest_route=%2Fwp%2Fv2%2Fcategories&post=69928"},{"taxonomy":"post_tag","embeddable":true,"href":"https:\/\/archive.sana.sy\/tr\/index.php?rest_route=%2Fwp%2Fv2%2Ftags&post=69928"}],"curies":[{"name":"wp","href":"https:\/\/api.w.org\/{rel}","templated":true}]}}