{"id":69932,"date":"2016-04-20T16:25:58","date_gmt":"2016-04-20T13:25:58","guid":{"rendered":"http:\/\/www.sana.sy\/tr\/?p=69932"},"modified":"2016-04-20T16:25:01","modified_gmt":"2016-04-20T13:25:01","slug":"caferi-suriyenin-egemen-ve-bagimsiz-bir-devlet-olmasinin-yani-sira-terore-karsi-ozveri-ve-ciddiyetle-etkin-bir-mucadele-verdigini-dolayisiyla-da-terorle-gercekten-mucadele-etmek-isteyenlerin-suriye","status":"publish","type":"post","link":"https:\/\/archive.sana.sy\/tr\/?p=69932","title":{"rendered":"Caferi Suriye&#8217;nin egemen ve ba\u011f\u0131ms\u0131z bir devlet olmas\u0131n\u0131n yan\u0131 s\u0131ra ter\u00f6re kar\u015f\u0131 \u00f6zveri ve ciddiyetle etkin bir m\u00fccadele verdi\u011fini, dolay\u0131s\u0131yla da ter\u00f6rle ger\u00e7ekten m\u00fccadele etmek isteyenlerin Suriye devleti ile koordinasyonda bulunmas\u0131n\u0131n ka\u00e7\u0131n\u0131lmaz bir gereklilik oldu\u011funu vurgulad\u0131"},"content":{"rendered":"<p>Caferi Suriye&#8217;nin egemen ve ba\u011f\u0131ms\u0131z bir devlet olmas\u0131n\u0131n yan\u0131 s\u0131ra ter\u00f6re kar\u015f\u0131 \u00f6zveri ve ciddiyetle etkin bir m\u00fccadele verdi\u011fini, dolay\u0131s\u0131yla da ter\u00f6rle ger\u00e7ekten m\u00fccadele etmek isteyenlerin Suriye devleti ile koordinasyonda bulunmas\u0131n\u0131n ka\u00e7\u0131n\u0131lmaz bir gereklilik oldu\u011funu vurgulad\u0131<\/p>\n","protected":false},"excerpt":{"rendered":"<p>Caferi Suriye&#8217;nin egemen ve ba\u011f\u0131ms\u0131z bir devlet olmas\u0131n\u0131n yan\u0131 s\u0131ra ter\u00f6re kar\u015f\u0131 \u00f6zveri ve ciddiyetle etkin bir m\u00fccadele verdi\u011fini, dolay\u0131s\u0131yla da ter\u00f6rle ger\u00e7ekten m\u00fccadele etmek isteyenlerin Suriye devleti ile koordinasyonda bulunmas\u0131n\u0131n ka\u00e7\u0131n\u0131lmaz bir gereklilik oldu\u011funu vurgulad\u0131<\/p>\n","protected":false},"author":1,"featured_media":0,"comment_status":"closed","ping_status":"closed","sticky":false,"template":"","format":"standard","meta":{"footnotes":""},"categories":[17991],"tags":[],"class_list":["post-69932","post","type-post","status-publish","format-standard","","category-son-dakika"],"_links":{"self":[{"href":"https:\/\/archive.sana.sy\/tr\/index.php?rest_route=\/wp\/v2\/posts\/69932","targetHints":{"allow":["GET"]}}],"collection":[{"href":"https:\/\/archive.sana.sy\/tr\/index.php?rest_route=\/wp\/v2\/posts"}],"about":[{"href":"https:\/\/archive.sana.sy\/tr\/index.php?rest_route=\/wp\/v2\/types\/post"}],"author":[{"embeddable":true,"href":"https:\/\/archive.sana.sy\/tr\/index.php?rest_route=\/wp\/v2\/users\/1"}],"replies":[{"embeddable":true,"href":"https:\/\/archive.sana.sy\/tr\/index.php?rest_route=%2Fwp%2Fv2%2Fcomments&post=69932"}],"version-history":[{"count":0,"href":"https:\/\/archive.sana.sy\/tr\/index.php?rest_route=\/wp\/v2\/posts\/69932\/revisions"}],"wp:attachment":[{"href":"https:\/\/archive.sana.sy\/tr\/index.php?rest_route=%2Fwp%2Fv2%2Fmedia&parent=69932"}],"wp:term":[{"taxonomy":"category","embeddable":true,"href":"https:\/\/archive.sana.sy\/tr\/index.php?rest_route=%2Fwp%2Fv2%2Fcategories&post=69932"},{"taxonomy":"post_tag","embeddable":true,"href":"https:\/\/archive.sana.sy\/tr\/index.php?rest_route=%2Fwp%2Fv2%2Ftags&post=69932"}],"curies":[{"name":"wp","href":"https:\/\/api.w.org\/{rel}","templated":true}]}}