{"id":69944,"date":"2016-04-20T16:56:09","date_gmt":"2016-04-20T13:56:09","guid":{"rendered":"http:\/\/sana.sy\/tr\/?p=69944"},"modified":"2016-04-21T13:47:29","modified_gmt":"2016-04-21T10:47:29","slug":"isid-nusra-ve-muttefiklerine-karsi-operasyonlar-devam-ediyor","status":"publish","type":"post","link":"https:\/\/archive.sana.sy\/tr\/?p=69944","title":{"rendered":"I\u015e\u0130D, Nusra ve M\u00fcttefiklerine kar\u015f\u0131 Operasyonlar Devam Ediyor"},"content":{"rendered":"<p>\u0130LLER \u2013 Ordu birliklerimiz muhtelif b\u00f6lgelerde askeri veya sivil b\u00f6lgelere sald\u0131r\u0131larda bulunan I\u015e\u0130D, Nusra Cephesi ve m\u00fcttefikleri di\u011fer ter\u00f6r \u00f6rg\u00fctlere kar\u015f\u0131 operasyonlar\u0131n\u0131 ba\u015far\u0131yla s\u00fcrd\u00fcr\u00fcyor<\/p>\n<p><span style=\"color: #0000ff\">DERA:<\/span><\/p>\n<p>SANA\u2019ya a\u00e7\u0131klama yapan askeri bir kaynak; ordu birliklerimizin Dera Beled\u2019in Men\u015fiye Semtinde askeri noktalara s\u0131zan Nusra Cephesine tabi ter\u00f6r gruplarla \u015fiddetli \u00e7at\u0131\u015fmalara girdiklerini ifade etti. Kaynak; \u00e7at\u0131\u015fmalarda \u00e7ok say\u0131da ter\u00f6ristin \u00f6l\u00fc ve yaral\u0131 d\u00fc\u015f\u00fcr\u00fcl\u00fcp havzalar\u0131nda bulunan silah ve m\u00fchimmatlar\u0131n\u0131n da yok edildi\u011fine dikkat \u00e7ekti.<\/p>\n<p><span style=\"color: #0000ff\">DEYREZZOR:<\/span><\/p>\n<p>\u00d6te yandan Deyrezzor k\u0131rsal\u0131nda hava g\u00fc\u00e7lerimizin Deyrezzor Askeri Havaliman\u0131n do\u011fusunda I\u015e\u0130D\u2019in toplanma yerleri ve mevkilerine y\u00f6nelik operasyonlar ger\u00e7ekle\u015ftirdiklerini s\u00f6yleyen askeri kaynak; onlarca ter\u00f6risti \u00f6l\u00fc ve yaral\u0131 d\u00fc\u015f\u00fcr\u00fcp silah ve m\u00fchimmat ta\u015f\u0131yan a\u011f\u0131r makineli silahlarla donat\u0131lm\u0131\u015f ara\u00e7lar\u0131n\u0131 imha ettiklerini belirtti.<\/p>\n<p>Deyrezzor k\u0131rsal\u0131n\u0131n bat\u0131s\u0131 B\u011fayliye K\u00f6y\u00fcnde de hava g\u00fc\u00e7lerimizin ter\u00f6ristlerin yuva ve k\u00fcmelenme yerlerini hedef ald\u0131klar\u0131n\u0131 aktaran kaynak; burada da tekfircileri say\u0131 ve te\u00e7hizatlar\u0131yla a\u011f\u0131r kay\u0131plara u\u011fratt\u0131klar\u0131n\u0131 s\u00f6zlerine ekledi.<\/p>\n<p>Bu arada saha kaynaklar\u0131; ordu birliklerimizin d\u00fcn ak\u015fam Deyrezzor Kenti Sanayi Semtinin bir soka\u011f\u0131na may\u0131n ve bomba d\u00fczenekleri yerle\u015ftiren bomba imha ekipleriyle i\u015fbirli\u011fi i\u00e7inde I\u015e\u0130Dli bir ter\u00f6r grubunu s\u0131k\u0131 bir pusuya d\u00fc\u015f\u00fcrd\u00fcklerini aktard\u0131. Kaynaklar; pusuda aralar\u0131nda yabanc\u0131 uyruklar\u0131n bulundu\u011fu en az 75 ter\u00f6ristin \u00f6ld\u00fcr\u00fcl\u00fcp havzalar\u0131nda silah ve m\u00fchimmatlar\u0131n yan\u0131 s\u0131ra sivil alanlar\u0131 hedef almada kullan\u0131lan bir havan rampas\u0131n\u0131n imha edildi\u011fini aktard\u0131.<\/p>\n<p>Kaynaklar; Deyrezzor Kenti Cbeyliye Semtinde de I\u015e\u0130D\u2019e ait f\u00fcze bataryas\u0131yla donat\u0131lm\u0131\u015f bir arac\u0131 imha eden ordu birliklerimizin buna e\u015f zamanl\u0131 olarak Huvayka Semtinde I\u015e\u0130D\u2019in bir komuta karargah\u0131n\u0131 tamam\u0131yla yok ettiklerini s\u00f6yledi.<\/p>\n<p>Bu arada medya ara\u00e7lar\u0131 Deyrezzor Kenti Sanayi Semtinde bir may\u0131n\u0131n patlamas\u0131 sonucunda I\u015e\u0130D ter\u00f6r \u00f6rg\u00fct\u00fcnde en bariz ter\u00f6r komutan\u0131 say\u0131lan Abd\u00fclkadir Ukla el \u00c2rif\u2019in yaraland\u0131\u011f\u0131n\u0131 aktard\u0131.<\/p>\n<p><span style=\"color: #0000ff\">HOMS:<\/span><\/p>\n<p>Di\u011fer yandan Homs k\u0131rsal\u0131n\u0131n do\u011fusunda ordu birliklerimiz destek\u00e7i g\u00fc\u00e7lerle i\u015fbirli\u011fi i\u00e7inde I\u015e\u0130D\u2019e y\u00f6nelik askeri operasyonlar\u0131n\u0131 s\u00fcrd\u00fcr\u00fcrlerken; Tedmur k\u0131rsal\u0131n\u0131n kuzeyi ve do\u011fusunda bug\u00fcn sabah erken saatlerde I\u015e\u0130D\u2019in toplanma merkezleri ve ara\u00e7lar\u0131n\u0131 yo\u011fun ate\u015fe tutarak radikal ter\u00f6ristlerin saflar\u0131nda b\u00fcy\u00fck kay\u0131plara yol a\u00e7t\u0131.<\/p>\n<p><span style=\"color: #0000ff\">HALEP:<\/span><\/p>\n<p>Halep k\u0131rsal\u0131nda da ihvanc\u0131 Erdo\u011fan ve Vahhabi \u00c2l Suud rejimlerine ba\u011fl\u0131 Nusra Cephesi ve m\u00fcttefikleri di\u011fer ter\u00f6r \u00f6rg\u00fctlere kar\u015f\u0131 nitelikli operasyonlar\u0131n\u0131 s\u00fcrd\u00fcren ordu birliklerimiz; il k\u0131rsal\u0131n\u0131n g\u00fcneybat\u0131s\u0131 K\u00fc\u00e7\u00fck Uvram, Kefar Amme ve Ziytan k\u00f6ylerinde ter\u00f6ristlerin toplanma yerleri ve mevkilerini imha etti.<\/p>\n<p>Ordu birliklerimiz Halep Kentinin yakla\u015f\u0131k 18 km kuzeybat\u0131s\u0131na d\u00fc\u015fen Biyannon Beldesinde de ter\u00f6ristlerin mevkii ve destek hatlar\u0131n\u0131 hedef almalar\u0131yla buralarda yine \u00e7ok say\u0131da ter\u00f6risti \u00f6ld\u00fcr\u00fcp silah ve m\u00fchimmat ta\u015f\u0131yan ara\u00e7lar\u0131n\u0131 y\u00fckleriyle birlikte yok etti.<\/p>\n<p>Buna e\u015f zamanl\u0131 olarak il k\u0131rsal\u0131n\u0131n do\u011fusu Kveyris Nahiyesine tabi Ebu Cabbar K\u00f6y\u00fcnde I\u015e\u0130D\u2019in siper ve karargahlar\u0131n\u0131 yo\u011fun ate\u015fe tutarak bir\u00e7ok ter\u00f6risti su\u00e7 edatlar\u0131yla birlikte etkisizle\u015ftirdi.<\/p>\n<p>Halep Kenti Salihin Semtinde ise Nusra Cephesine ait yuva ve k\u00fcmelenme yerlerini hedef alan ordu birliklerimiz; burada da yine \u00e7ok say\u0131da ter\u00f6risti \u00f6l\u00fc ve yaral\u0131 d\u00fc\u015f\u00fcr\u00fcp havzalar\u0131ndaki ara\u00e7, silah ve m\u00fchimmatlar\u0131n\u0131 yok etti.<\/p>\n","protected":false},"excerpt":{"rendered":"<p>\u0130LLER \u2013 Ordu birliklerimiz muhtelif b\u00f6lgelerde askeri veya sivil b\u00f6lgelere sald\u0131r\u0131larda bulunan I\u015e\u0130D, Nusra Cephesi ve m\u00fcttefikleri di\u011fer ter\u00f6r \u00f6rg\u00fctlere kar\u015f\u0131 operasyonlar\u0131n\u0131 ba\u015far\u0131yla s\u00fcrd\u00fcr\u00fcyor DERA: SANA\u2019ya a\u00e7\u0131klama yapan askeri bir kaynak; ordu birliklerimizin Dera Beled\u2019in Men\u015fiye Semtinde askeri noktalara s\u0131zan Nusra Cephesine tabi ter\u00f6r gruplarla \u015fiddetli \u00e7at\u0131\u015fmalara girdiklerini ifade etti. Kaynak; \u00e7at\u0131\u015fmalarda \u00e7ok say\u0131da ter\u00f6ristin &hellip;<\/p>\n","protected":false},"author":1,"featured_media":69946,"comment_status":"closed","ping_status":"closed","sticky":false,"template":"","format":"standard","meta":{"footnotes":""},"categories":[575],"tags":[],"class_list":["post-69944","post","type-post","status-publish","format-standard","has-post-thumbnail","","category-olaylar-ve-gercekler"],"_links":{"self":[{"href":"https:\/\/archive.sana.sy\/tr\/index.php?rest_route=\/wp\/v2\/posts\/69944","targetHints":{"allow":["GET"]}}],"collection":[{"href":"https:\/\/archive.sana.sy\/tr\/index.php?rest_route=\/wp\/v2\/posts"}],"about":[{"href":"https:\/\/archive.sana.sy\/tr\/index.php?rest_route=\/wp\/v2\/types\/post"}],"author":[{"embeddable":true,"href":"https:\/\/archive.sana.sy\/tr\/index.php?rest_route=\/wp\/v2\/users\/1"}],"replies":[{"embeddable":true,"href":"https:\/\/archive.sana.sy\/tr\/index.php?rest_route=%2Fwp%2Fv2%2Fcomments&post=69944"}],"version-history":[{"count":0,"href":"https:\/\/archive.sana.sy\/tr\/index.php?rest_route=\/wp\/v2\/posts\/69944\/revisions"}],"wp:featuredmedia":[{"embeddable":true,"href":"https:\/\/archive.sana.sy\/tr\/index.php?rest_route=\/wp\/v2\/media\/69946"}],"wp:attachment":[{"href":"https:\/\/archive.sana.sy\/tr\/index.php?rest_route=%2Fwp%2Fv2%2Fmedia&parent=69944"}],"wp:term":[{"taxonomy":"category","embeddable":true,"href":"https:\/\/archive.sana.sy\/tr\/index.php?rest_route=%2Fwp%2Fv2%2Fcategories&post=69944"},{"taxonomy":"post_tag","embeddable":true,"href":"https:\/\/archive.sana.sy\/tr\/index.php?rest_route=%2Fwp%2Fv2%2Ftags&post=69944"}],"curies":[{"name":"wp","href":"https:\/\/api.w.org\/{rel}","templated":true}]}}