{"id":69945,"date":"2016-04-20T10:56:36","date_gmt":"2016-04-20T07:56:36","guid":{"rendered":"http:\/\/sana.sy\/tr\/?p=69945"},"modified":"2016-04-21T10:25:53","modified_gmt":"2016-04-21T07:25:53","slug":"haseke-kirsalinda-yine-bir-mayin-patladi","status":"publish","type":"post","link":"https:\/\/archive.sana.sy\/tr\/?p=69945","title":{"rendered":"Haseke K\u0131rsal\u0131nda Yine Bir May\u0131n Patlad\u0131"},"content":{"rendered":"<p>HASEKE \u2013 Haseke k\u0131rsal\u0131n\u0131n g\u00fcneyinde I\u015e\u0130D ter\u00f6r \u00f6rg\u00fct\u00fcn\u00fcn kal\u0131nt\u0131lar\u0131ndan kalma bir may\u0131n\u0131n patlamas\u0131 sonucunda 2 vatanda\u015f yaraland\u0131.<\/p>\n<p>Haseke Emniyet M\u00fcd\u00fcrl\u00fc\u011f\u00fcnde yetkili bir kaynak SANA\u2019ya a\u00e7\u0131klamas\u0131nda; I\u015e\u0130D tekfircilerin Haseke k\u0131rsal\u0131 Haddace K\u00f6y\u00fcnden bertaraf olmadan \u00f6nce k\u00f6y\u00fcn muhtelif b\u00f6lgelerine yerle\u015ftirdikleri may\u0131nlar\u0131ndan birisin patlama sonucunda bir motosiklet \u00fczerinde seyir eden 2 gen\u00e7 karde\u015fin yaraland\u0131\u011f\u0131n\u0131 ifade etti.<\/p>\n","protected":false},"excerpt":{"rendered":"<p>HASEKE \u2013 Haseke k\u0131rsal\u0131n\u0131n g\u00fcneyinde I\u015e\u0130D ter\u00f6r \u00f6rg\u00fct\u00fcn\u00fcn kal\u0131nt\u0131lar\u0131ndan kalma bir may\u0131n\u0131n patlamas\u0131 sonucunda 2 vatanda\u015f yaraland\u0131. Haseke Emniyet M\u00fcd\u00fcrl\u00fc\u011f\u00fcnde yetkili bir kaynak SANA\u2019ya a\u00e7\u0131klamas\u0131nda; I\u015e\u0130D tekfircilerin Haseke k\u0131rsal\u0131 Haddace K\u00f6y\u00fcnden bertaraf olmadan \u00f6nce k\u00f6y\u00fcn muhtelif b\u00f6lgelerine yerle\u015ftirdikleri may\u0131nlar\u0131ndan birisin patlama sonucunda bir motosiklet \u00fczerinde seyir eden 2 gen\u00e7 karde\u015fin yaraland\u0131\u011f\u0131n\u0131 ifade etti.<\/p>\n","protected":false},"author":1,"featured_media":69948,"comment_status":"closed","ping_status":"closed","sticky":false,"template":"","format":"standard","meta":{"footnotes":""},"categories":[479,575,17988,478],"tags":[],"class_list":["post-69945","post","type-post","status-publish","format-standard","has-post-thumbnail","","category-haberler-yerel","category-olaylar-ve-gercekler","category-son-haberler","category-yerel"],"_links":{"self":[{"href":"https:\/\/archive.sana.sy\/tr\/index.php?rest_route=\/wp\/v2\/posts\/69945","targetHints":{"allow":["GET"]}}],"collection":[{"href":"https:\/\/archive.sana.sy\/tr\/index.php?rest_route=\/wp\/v2\/posts"}],"about":[{"href":"https:\/\/archive.sana.sy\/tr\/index.php?rest_route=\/wp\/v2\/types\/post"}],"author":[{"embeddable":true,"href":"https:\/\/archive.sana.sy\/tr\/index.php?rest_route=\/wp\/v2\/users\/1"}],"replies":[{"embeddable":true,"href":"https:\/\/archive.sana.sy\/tr\/index.php?rest_route=%2Fwp%2Fv2%2Fcomments&post=69945"}],"version-history":[{"count":0,"href":"https:\/\/archive.sana.sy\/tr\/index.php?rest_route=\/wp\/v2\/posts\/69945\/revisions"}],"wp:featuredmedia":[{"embeddable":true,"href":"https:\/\/archive.sana.sy\/tr\/index.php?rest_route=\/wp\/v2\/media\/69948"}],"wp:attachment":[{"href":"https:\/\/archive.sana.sy\/tr\/index.php?rest_route=%2Fwp%2Fv2%2Fmedia&parent=69945"}],"wp:term":[{"taxonomy":"category","embeddable":true,"href":"https:\/\/archive.sana.sy\/tr\/index.php?rest_route=%2Fwp%2Fv2%2Fcategories&post=69945"},{"taxonomy":"post_tag","embeddable":true,"href":"https:\/\/archive.sana.sy\/tr\/index.php?rest_route=%2Fwp%2Fv2%2Ftags&post=69945"}],"curies":[{"name":"wp","href":"https:\/\/api.w.org\/{rel}","templated":true}]}}