{"id":69963,"date":"2016-04-20T13:26:04","date_gmt":"2016-04-20T10:26:04","guid":{"rendered":"http:\/\/www.sana.sy\/tr\/?p=69963"},"modified":"2016-04-21T10:25:09","modified_gmt":"2016-04-21T07:25:09","slug":"sivillere-yeni-saldirilarinda-1-kadin-sehit-5-vatandas-yarali","status":"publish","type":"post","link":"https:\/\/archive.sana.sy\/tr\/?p=69963","title":{"rendered":"Sivillere Yeni Sald\u0131r\u0131lar\u0131nda 1 Kad\u0131n \u015eehit, 5 Vatanda\u015f Yaral\u0131"},"content":{"rendered":"<p>\u0130LLER \u2013 Katil Erdo\u011fan \u00e7etelerinin bug\u00fcn \u00e7at\u0131\u015fmalar\u0131 durdurma anla\u015fmas\u0131na yeni ihlalde bulunarak savunmas\u0131z insanlara yeni sald\u0131r\u0131larda bulundular.<\/p>\n<p>Halep Emniyet M\u00fcd\u00fcrl\u00fc\u011f\u00fcnde yetkili bir kaynak SANA\u2019ya a\u00e7\u0131klamas\u0131nda; Halep Kenti Bostan el Kasr Semtinde siperlenen ter\u00f6ristlerinden bir keskin ni\u015fanc\u0131n\u0131n semtteki bir evin balkonuna \u00e7\u0131kan bir kad\u0131na ate\u015f a\u00e7mas\u0131 sonucunda kad\u0131n\u0131n \u015fehit d\u00fc\u015ft\u00fc\u011f\u00fcn\u00fc ifade etti.<\/p>\n<p>Kaynak ter\u00f6ristlerin buna e\u015f zamanl\u0131 olarak Halep Kentinin Selahattin ve \u0130zaa semtlerinde savunmas\u0131z insanlara ate\u015f a\u00e7malar\u0131yla 2 vatanda\u015f\u0131n yaraland\u0131\u011f\u0131n\u0131 belirtti.<\/p>\n<p><span style=\"color: #0000ff\">HAMA:<\/span><\/p>\n<p>\u00d6te yandan Hama Emniyet M\u00fcd\u00fcrl\u00fc\u011f\u00fcnde bir kaynak; Hama k\u0131rsal\u0131n\u0131n kuzeybat\u0131s\u0131nda siperlenen ter\u00f6ristlerin f\u0131rlatt\u0131\u011f\u0131 birka\u00e7 f\u00fczenin Safsafiye K\u00f6y\u00fcne d\u00fc\u015fmeleri sonucunda 3 vatanda\u015f\u0131n yaral\u0131 d\u00fc\u015ft\u00fc\u011f\u00fcn\u00fc; sivillere ait ev ve i\u015f yerlerinde b\u00fcy\u00fck maddi hasar\u0131n olu\u015ftu\u011funa dikkat \u00e7ekti.<\/p>\n","protected":false},"excerpt":{"rendered":"<p>\u0130LLER \u2013 Katil Erdo\u011fan \u00e7etelerinin bug\u00fcn \u00e7at\u0131\u015fmalar\u0131 durdurma anla\u015fmas\u0131na yeni ihlalde bulunarak savunmas\u0131z insanlara yeni sald\u0131r\u0131larda bulundular. Halep Emniyet M\u00fcd\u00fcrl\u00fc\u011f\u00fcnde yetkili bir kaynak SANA\u2019ya a\u00e7\u0131klamas\u0131nda; Halep Kenti Bostan el Kasr Semtinde siperlenen ter\u00f6ristlerinden bir keskin ni\u015fanc\u0131n\u0131n semtteki bir evin balkonuna \u00e7\u0131kan bir kad\u0131na ate\u015f a\u00e7mas\u0131 sonucunda kad\u0131n\u0131n \u015fehit d\u00fc\u015ft\u00fc\u011f\u00fcn\u00fc ifade etti. Kaynak ter\u00f6ristlerin buna e\u015f &hellip;<\/p>\n","protected":false},"author":1,"featured_media":69964,"comment_status":"closed","ping_status":"closed","sticky":false,"template":"","format":"standard","meta":{"footnotes":""},"categories":[458,479,459,575,478],"tags":[],"class_list":["post-69963","post","type-post","status-publish","format-standard","has-post-thumbnail","","category-dunya1","category-haberler-yerel","category-haberler-arap-uluslararasi-politika","category-olaylar-ve-gercekler","category-yerel"],"_links":{"self":[{"href":"https:\/\/archive.sana.sy\/tr\/index.php?rest_route=\/wp\/v2\/posts\/69963","targetHints":{"allow":["GET"]}}],"collection":[{"href":"https:\/\/archive.sana.sy\/tr\/index.php?rest_route=\/wp\/v2\/posts"}],"about":[{"href":"https:\/\/archive.sana.sy\/tr\/index.php?rest_route=\/wp\/v2\/types\/post"}],"author":[{"embeddable":true,"href":"https:\/\/archive.sana.sy\/tr\/index.php?rest_route=\/wp\/v2\/users\/1"}],"replies":[{"embeddable":true,"href":"https:\/\/archive.sana.sy\/tr\/index.php?rest_route=%2Fwp%2Fv2%2Fcomments&post=69963"}],"version-history":[{"count":0,"href":"https:\/\/archive.sana.sy\/tr\/index.php?rest_route=\/wp\/v2\/posts\/69963\/revisions"}],"wp:featuredmedia":[{"embeddable":true,"href":"https:\/\/archive.sana.sy\/tr\/index.php?rest_route=\/wp\/v2\/media\/69964"}],"wp:attachment":[{"href":"https:\/\/archive.sana.sy\/tr\/index.php?rest_route=%2Fwp%2Fv2%2Fmedia&parent=69963"}],"wp:term":[{"taxonomy":"category","embeddable":true,"href":"https:\/\/archive.sana.sy\/tr\/index.php?rest_route=%2Fwp%2Fv2%2Fcategories&post=69963"},{"taxonomy":"post_tag","embeddable":true,"href":"https:\/\/archive.sana.sy\/tr\/index.php?rest_route=%2Fwp%2Fv2%2Ftags&post=69963"}],"curies":[{"name":"wp","href":"https:\/\/api.w.org\/{rel}","templated":true}]}}