{"id":69984,"date":"2016-04-21T11:00:27","date_gmt":"2016-04-21T08:00:27","guid":{"rendered":"http:\/\/sana.sy\/tr\/?p=69984"},"modified":"2016-04-22T16:16:51","modified_gmt":"2016-04-22T13:16:51","slug":"diger-illerden-gelen-pamugun-tamami-islendi","status":"publish","type":"post","link":"https:\/\/archive.sana.sy\/tr\/?p=69984","title":{"rendered":"Di\u011fer \u0130llerden Gelen Pamu\u011fun Tamam\u0131 \u0130\u015flendi"},"content":{"rendered":"<p>HAMA \u2013 Hama ilinde Selemiye Kamu \u00c7\u0131r\u00e7\u0131r Fabrikas\u0131 di\u011fer illerden gelen 5700 ton \u00e7ekirdekli pamu\u011fu i\u015fleme \u00e7al\u0131\u015fmalar\u0131n\u0131 tamamlad\u0131.<\/p>\n<p>Fabrika M\u00fcd\u00fcr\u00fc \u0130mad el Hamvi SANA\u2019ya a\u00e7\u0131klamas\u0131nda \u00e7\u0131r\u00e7\u0131r \u00e7al\u0131\u015fmalar\u0131n\u0131n tamamlanmas\u0131yla 3650 ton i\u015flenmi\u015f pamuk ve 1850 ton pamuk \u00e7ekirde\u011fi elde edildi\u011fini s\u00f6yledi.<\/p>\n<p>Hamvi fabrikan\u0131n \u00f6n\u00fcm\u00fczdeki s\u00fcre\u00e7 i\u00e7inde Haseke \u0130linden gelecek \u00e7ekirdekli pamu\u015fu i\u015fleme \u00e7al\u0131\u015fmalar\u0131na ba\u015flayaca\u011f\u0131n\u0131 a\u00e7\u0131klad\u0131. Fabrikan\u0131n tekstil fabrikalar\u0131na 3300 ton pamuk g\u00f6nderdi\u011fini ifade eden Hamvi; pamuk ya\u011f\u0131 i\u00e7inde Homs \u015eeker Fabrikas\u0131na da 1550 ton pamuk \u00e7ekirde\u011fi g\u00f6nderdi\u011fini a\u00e7\u0131klad\u0131.<\/p>\n<p>R.H.<\/p>\n","protected":false},"excerpt":{"rendered":"<p>HAMA \u2013 Hama ilinde Selemiye Kamu \u00c7\u0131r\u00e7\u0131r Fabrikas\u0131 di\u011fer illerden gelen 5700 ton \u00e7ekirdekli pamu\u011fu i\u015fleme \u00e7al\u0131\u015fmalar\u0131n\u0131 tamamlad\u0131. Fabrika M\u00fcd\u00fcr\u00fc \u0130mad el Hamvi SANA\u2019ya a\u00e7\u0131klamas\u0131nda \u00e7\u0131r\u00e7\u0131r \u00e7al\u0131\u015fmalar\u0131n\u0131n tamamlanmas\u0131yla 3650 ton i\u015flenmi\u015f pamuk ve 1850 ton pamuk \u00e7ekirde\u011fi elde edildi\u011fini s\u00f6yledi. Hamvi fabrikan\u0131n \u00f6n\u00fcm\u00fczdeki s\u00fcre\u00e7 i\u00e7inde Haseke \u0130linden gelecek \u00e7ekirdekli pamu\u015fu i\u015fleme \u00e7al\u0131\u015fmalar\u0131na ba\u015flayaca\u011f\u0131n\u0131 a\u00e7\u0131klad\u0131. Fabrikan\u0131n &hellip;<\/p>\n","protected":false},"author":1,"featured_media":69985,"comment_status":"closed","ping_status":"closed","sticky":false,"template":"","format":"standard","meta":{"footnotes":""},"categories":[485,486,17988],"tags":[20632],"class_list":["post-69984","post","type-post","status-publish","format-standard","has-post-thumbnail","","category-is-ve-sermaye","category-haberler-is-ve-sermaye","category-son-haberler","tag-diger-illerden-gelen-pamugun-tamami-islendi"],"_links":{"self":[{"href":"https:\/\/archive.sana.sy\/tr\/index.php?rest_route=\/wp\/v2\/posts\/69984","targetHints":{"allow":["GET"]}}],"collection":[{"href":"https:\/\/archive.sana.sy\/tr\/index.php?rest_route=\/wp\/v2\/posts"}],"about":[{"href":"https:\/\/archive.sana.sy\/tr\/index.php?rest_route=\/wp\/v2\/types\/post"}],"author":[{"embeddable":true,"href":"https:\/\/archive.sana.sy\/tr\/index.php?rest_route=\/wp\/v2\/users\/1"}],"replies":[{"embeddable":true,"href":"https:\/\/archive.sana.sy\/tr\/index.php?rest_route=%2Fwp%2Fv2%2Fcomments&post=69984"}],"version-history":[{"count":0,"href":"https:\/\/archive.sana.sy\/tr\/index.php?rest_route=\/wp\/v2\/posts\/69984\/revisions"}],"wp:featuredmedia":[{"embeddable":true,"href":"https:\/\/archive.sana.sy\/tr\/index.php?rest_route=\/wp\/v2\/media\/69985"}],"wp:attachment":[{"href":"https:\/\/archive.sana.sy\/tr\/index.php?rest_route=%2Fwp%2Fv2%2Fmedia&parent=69984"}],"wp:term":[{"taxonomy":"category","embeddable":true,"href":"https:\/\/archive.sana.sy\/tr\/index.php?rest_route=%2Fwp%2Fv2%2Fcategories&post=69984"},{"taxonomy":"post_tag","embeddable":true,"href":"https:\/\/archive.sana.sy\/tr\/index.php?rest_route=%2Fwp%2Fv2%2Ftags&post=69984"}],"curies":[{"name":"wp","href":"https:\/\/api.w.org\/{rel}","templated":true}]}}