{"id":69987,"date":"2016-04-21T11:06:10","date_gmt":"2016-04-21T08:06:10","guid":{"rendered":"http:\/\/sana.sy\/tr\/?p=69987"},"modified":"2016-04-21T11:06:10","modified_gmt":"2016-04-21T08:06:10","slug":"askeri-kaynak-sanaya-aciklamasinda-ordu-birliklerimizin-sam-kirsalinin-biir-el-kasab-bolgesinde-isid-orgutunden-20-teroristle-birlikte-bir-kismi-agir-silahlarla-donatilmis-bircok-araci-imha-ettikler","status":"publish","type":"post","link":"https:\/\/archive.sana.sy\/tr\/?p=69987","title":{"rendered":"Askeri kaynak SANA&#8217;ya a\u00e7\u0131klamas\u0131nda ordu birliklerimizin \u015eam k\u0131rsal\u0131n\u0131n Biir el Kasab B\u00f6lgesinde I\u015e\u0130D \u00d6rg\u00fct\u00fcnden 20 ter\u00f6ristle birlikte bir k\u0131sm\u0131 a\u011f\u0131r silahlarla donat\u0131lm\u0131\u015f bir\u00e7ok arac\u0131 imha ettiklerini belirtti"},"content":{"rendered":"<p>Askeri kaynak SANA&#8217;ya a\u00e7\u0131klamas\u0131nda ordu birliklerimizin \u015eam k\u0131rsal\u0131n\u0131n Biir el Kasab B\u00f6lgesinde I\u015e\u0130D \u00d6rg\u00fct\u00fcnden 20 ter\u00f6ristle birlikte bir k\u0131sm\u0131 a\u011f\u0131r silahlarla donat\u0131lm\u0131\u015f bir\u00e7ok arac\u0131 imha ettiklerini belirtti<\/p>\n","protected":false},"excerpt":{"rendered":"<p>Askeri kaynak SANA&#8217;ya a\u00e7\u0131klamas\u0131nda ordu birliklerimizin \u015eam k\u0131rsal\u0131n\u0131n Biir el Kasab B\u00f6lgesinde I\u015e\u0130D \u00d6rg\u00fct\u00fcnden 20 ter\u00f6ristle birlikte bir k\u0131sm\u0131 a\u011f\u0131r silahlarla donat\u0131lm\u0131\u015f bir\u00e7ok arac\u0131 imha ettiklerini belirtti<\/p>\n","protected":false},"author":1,"featured_media":0,"comment_status":"closed","ping_status":"closed","sticky":false,"template":"","format":"standard","meta":{"footnotes":""},"categories":[17991],"tags":[],"class_list":["post-69987","post","type-post","status-publish","format-standard","","category-son-dakika"],"_links":{"self":[{"href":"https:\/\/archive.sana.sy\/tr\/index.php?rest_route=\/wp\/v2\/posts\/69987","targetHints":{"allow":["GET"]}}],"collection":[{"href":"https:\/\/archive.sana.sy\/tr\/index.php?rest_route=\/wp\/v2\/posts"}],"about":[{"href":"https:\/\/archive.sana.sy\/tr\/index.php?rest_route=\/wp\/v2\/types\/post"}],"author":[{"embeddable":true,"href":"https:\/\/archive.sana.sy\/tr\/index.php?rest_route=\/wp\/v2\/users\/1"}],"replies":[{"embeddable":true,"href":"https:\/\/archive.sana.sy\/tr\/index.php?rest_route=%2Fwp%2Fv2%2Fcomments&post=69987"}],"version-history":[{"count":0,"href":"https:\/\/archive.sana.sy\/tr\/index.php?rest_route=\/wp\/v2\/posts\/69987\/revisions"}],"wp:attachment":[{"href":"https:\/\/archive.sana.sy\/tr\/index.php?rest_route=%2Fwp%2Fv2%2Fmedia&parent=69987"}],"wp:term":[{"taxonomy":"category","embeddable":true,"href":"https:\/\/archive.sana.sy\/tr\/index.php?rest_route=%2Fwp%2Fv2%2Fcategories&post=69987"},{"taxonomy":"post_tag","embeddable":true,"href":"https:\/\/archive.sana.sy\/tr\/index.php?rest_route=%2Fwp%2Fv2%2Ftags&post=69987"}],"curies":[{"name":"wp","href":"https:\/\/api.w.org\/{rel}","templated":true}]}}