{"id":69989,"date":"2016-04-21T12:55:05","date_gmt":"2016-04-21T09:55:05","guid":{"rendered":"http:\/\/sana.sy\/tr\/?p=69989"},"modified":"2016-04-21T12:55:05","modified_gmt":"2016-04-21T09:55:05","slug":"radikallige-karsi-islam-ulkeleri-gazetecileri-forumu-moskovada-calismalarina-basladi","status":"publish","type":"post","link":"https:\/\/archive.sana.sy\/tr\/?p=69989","title":{"rendered":"Radikalli\u011fe Kar\u015f\u0131 \u0130slam \u00dclkeleri Gazetecileri Forumu Moskova&#8217;da \u00e7al\u0131\u015fmalar\u0131na ba\u015flad\u0131"},"content":{"rendered":"<p>Radikalli\u011fe Kar\u015f\u0131 \u0130slam \u00dclkeleri Gazetecileri Forumu Moskova&#8217;da \u00e7al\u0131\u015fmalar\u0131na ba\u015flad\u0131<\/p>\n","protected":false},"excerpt":{"rendered":"<p>Radikalli\u011fe Kar\u015f\u0131 \u0130slam \u00dclkeleri Gazetecileri Forumu Moskova&#8217;da \u00e7al\u0131\u015fmalar\u0131na ba\u015flad\u0131<\/p>\n","protected":false},"author":1,"featured_media":69994,"comment_status":"closed","ping_status":"closed","sticky":false,"template":"","format":"standard","meta":{"footnotes":""},"categories":[573],"tags":[20633],"class_list":["post-69989","post","type-post","status-publish","format-standard","has-post-thumbnail","","category-goruntulu-olaylar","tag-radikallige-karsi-islam-ulkeleri-gazetecileri-forumu-moskovada-calismalarina-basladi"],"_links":{"self":[{"href":"https:\/\/archive.sana.sy\/tr\/index.php?rest_route=\/wp\/v2\/posts\/69989","targetHints":{"allow":["GET"]}}],"collection":[{"href":"https:\/\/archive.sana.sy\/tr\/index.php?rest_route=\/wp\/v2\/posts"}],"about":[{"href":"https:\/\/archive.sana.sy\/tr\/index.php?rest_route=\/wp\/v2\/types\/post"}],"author":[{"embeddable":true,"href":"https:\/\/archive.sana.sy\/tr\/index.php?rest_route=\/wp\/v2\/users\/1"}],"replies":[{"embeddable":true,"href":"https:\/\/archive.sana.sy\/tr\/index.php?rest_route=%2Fwp%2Fv2%2Fcomments&post=69989"}],"version-history":[{"count":0,"href":"https:\/\/archive.sana.sy\/tr\/index.php?rest_route=\/wp\/v2\/posts\/69989\/revisions"}],"wp:featuredmedia":[{"embeddable":true,"href":"https:\/\/archive.sana.sy\/tr\/index.php?rest_route=\/wp\/v2\/media\/69994"}],"wp:attachment":[{"href":"https:\/\/archive.sana.sy\/tr\/index.php?rest_route=%2Fwp%2Fv2%2Fmedia&parent=69989"}],"wp:term":[{"taxonomy":"category","embeddable":true,"href":"https:\/\/archive.sana.sy\/tr\/index.php?rest_route=%2Fwp%2Fv2%2Fcategories&post=69989"},{"taxonomy":"post_tag","embeddable":true,"href":"https:\/\/archive.sana.sy\/tr\/index.php?rest_route=%2Fwp%2Fv2%2Ftags&post=69989"}],"curies":[{"name":"wp","href":"https:\/\/api.w.org\/{rel}","templated":true}]}}