{"id":69991,"date":"2016-04-21T12:35:33","date_gmt":"2016-04-21T09:35:33","guid":{"rendered":"http:\/\/www.sana.sy\/tr\/?p=69991"},"modified":"2016-04-21T13:05:34","modified_gmt":"2016-04-21T10:05:34","slug":"olge-gundemi-ve-suriyedeki-krize-iliskin-son-gelismelerin-ele-alindigi-gorusmede-kendi-gelecegini-dis-mudahale-olmaksizin-kendi-elleriyle-yapilandirma-hakki-basta-olmak-uzere-suriye-halkinin-cikar","status":"publish","type":"post","link":"https:\/\/archive.sana.sy\/tr\/?p=69991","title":{"rendered":"\u00f6lge g\u00fcndemi ve Suriye&#8217;deki krize ili\u015fkin son geli\u015fmelerin ele al\u0131nd\u0131\u011f\u0131 g\u00f6r\u00fc\u015fmede, kendi gelece\u011fini d\u0131\u015f m\u00fcdahale olmaks\u0131z\u0131n kendi elleriyle yap\u0131land\u0131rma hakk\u0131 ba\u015fta olmak \u00fczere Suriye halk\u0131n\u0131n \u00e7\u0131kar ve haklar\u0131n\u0131 koruyacak \u00e7\u00f6z\u00fcm sa\u011flanmas\u0131 \u00e7abalar\u0131 da masaya yat\u0131r\u0131ld\u0131"},"content":{"rendered":"<p>\u00f6lge g\u00fcndemi ve Suriye&#8217;deki krize ili\u015fkin son geli\u015fmelerin ele al\u0131nd\u0131\u011f\u0131 g\u00f6r\u00fc\u015fmede, kendi gelece\u011fini d\u0131\u015f m\u00fcdahale olmaks\u0131z\u0131n kendi elleriyle yap\u0131land\u0131rma hakk\u0131 ba\u015fta olmak \u00fczere Suriye halk\u0131n\u0131n \u00e7\u0131kar ve haklar\u0131n\u0131 koruyacak \u00e7\u00f6z\u00fcm sa\u011flanmas\u0131 \u00e7abalar\u0131 da masaya yat\u0131r\u0131ld\u0131<\/p>\n","protected":false},"excerpt":{"rendered":"<p>\u00f6lge g\u00fcndemi ve Suriye&#8217;deki krize ili\u015fkin son geli\u015fmelerin ele al\u0131nd\u0131\u011f\u0131 g\u00f6r\u00fc\u015fmede, kendi gelece\u011fini d\u0131\u015f m\u00fcdahale olmaks\u0131z\u0131n kendi elleriyle yap\u0131land\u0131rma hakk\u0131 ba\u015fta olmak \u00fczere Suriye halk\u0131n\u0131n \u00e7\u0131kar ve haklar\u0131n\u0131 koruyacak \u00e7\u00f6z\u00fcm sa\u011flanmas\u0131 \u00e7abalar\u0131 da masaya yat\u0131r\u0131ld\u0131<\/p>\n","protected":false},"author":1,"featured_media":0,"comment_status":"closed","ping_status":"closed","sticky":false,"template":"","format":"standard","meta":{"footnotes":""},"categories":[17991],"tags":[],"class_list":["post-69991","post","type-post","status-publish","format-standard","","category-son-dakika"],"_links":{"self":[{"href":"https:\/\/archive.sana.sy\/tr\/index.php?rest_route=\/wp\/v2\/posts\/69991","targetHints":{"allow":["GET"]}}],"collection":[{"href":"https:\/\/archive.sana.sy\/tr\/index.php?rest_route=\/wp\/v2\/posts"}],"about":[{"href":"https:\/\/archive.sana.sy\/tr\/index.php?rest_route=\/wp\/v2\/types\/post"}],"author":[{"embeddable":true,"href":"https:\/\/archive.sana.sy\/tr\/index.php?rest_route=\/wp\/v2\/users\/1"}],"replies":[{"embeddable":true,"href":"https:\/\/archive.sana.sy\/tr\/index.php?rest_route=%2Fwp%2Fv2%2Fcomments&post=69991"}],"version-history":[{"count":0,"href":"https:\/\/archive.sana.sy\/tr\/index.php?rest_route=\/wp\/v2\/posts\/69991\/revisions"}],"wp:attachment":[{"href":"https:\/\/archive.sana.sy\/tr\/index.php?rest_route=%2Fwp%2Fv2%2Fmedia&parent=69991"}],"wp:term":[{"taxonomy":"category","embeddable":true,"href":"https:\/\/archive.sana.sy\/tr\/index.php?rest_route=%2Fwp%2Fv2%2Fcategories&post=69991"},{"taxonomy":"post_tag","embeddable":true,"href":"https:\/\/archive.sana.sy\/tr\/index.php?rest_route=%2Fwp%2Fv2%2Ftags&post=69991"}],"curies":[{"name":"wp","href":"https:\/\/api.w.org\/{rel}","templated":true}]}}