{"id":70006,"date":"2016-04-21T13:07:17","date_gmt":"2016-04-21T10:07:17","guid":{"rendered":"http:\/\/sana.sy\/tr\/?p=70006"},"modified":"2016-04-22T17:24:18","modified_gmt":"2016-04-22T14:24:18","slug":"cin-destegini-surdurme-kararliligindadir","status":"publish","type":"post","link":"https:\/\/archive.sana.sy\/tr\/?p=70006","title":{"rendered":"\u00c7in Deste\u011fini S\u00fcrd\u00fcrme Kararl\u0131l\u0131\u011f\u0131ndad\u0131r"},"content":{"rendered":"<p>\u015eAM \u2013 Ba\u015fbakan Yard\u0131mc\u0131s\u0131 D\u0131\u015fi\u015fleri ve Gurbet\u00e7iler Bakan\u0131 Velid el Muallim bug\u00fcn \u00c7in\u2019in Suriye \u00f6zel temsilcisi Xie Xiaoyan ve ona e\u015flik eden heyeti kabul etti.<\/p>\n<p>B\u00f6lge g\u00fcndemi ve Suriye&#8217;deki krize ili\u015fkin son geli\u015fmelerin ele al\u0131nd\u0131\u011f\u0131 g\u00f6r\u00fc\u015fmede, kendi gelece\u011fini d\u0131\u015f m\u00fcdahale olmaks\u0131z\u0131n kendi elleriyle yap\u0131land\u0131rma hakk\u0131 ba\u015fta olmak \u00fczere Suriye halk\u0131n\u0131n \u00e7\u0131kar ve haklar\u0131n\u0131 koruyacak \u00e7\u00f6z\u00fcm sa\u011flanmas\u0131 \u00e7abalar\u0131 da masaya yat\u0131r\u0131ld\u0131. \u0130ki taraf Suriye&#8217;nin toprak selameti ve halk b\u00fct\u00fcnl\u00fc\u011f\u00fcn\u00fcn yan\u0131 s\u0131ra ulusal egemenli\u011fi ve ba\u011f\u0131ms\u0131zl\u0131\u011f\u0131na sayg\u0131 g\u00f6sterilmesi \u00f6neminin alt\u0131n\u0131 \u00e7izdi.<\/p>\n<p>Muallim T\u00fcrkiye rejimi gibi kimi taraflar\u0131n destek ve y\u00f6nlendirmelerini s\u00fcrd\u00fcrd\u00fckleri ter\u00f6re kar\u015f\u0131 m\u00fccadelenin devam etti\u011fini ve edece\u011fini vurgulad\u0131. T\u00fcrkiye rejiminin ter\u00f6re deste\u011fini aral\u0131ks\u0131z bir \u015fekilde s\u00fcrd\u00fcrd\u00fc\u011f\u00fcn\u00fc belirten Muallim; onlara geli\u015fmi\u015f silahlar takdim edip ge\u00e7i\u015flerini de temin etti\u011fini ifade etti. Muallim t\u00fcm bunlar\u0131n ter\u00f6rle m\u00fccadelede ilgili BM ve BMGK kararlar\u0131n\u0131n hayata ge\u00e7irilmesi amac\u0131yla uluslar aras\u0131 bir tutum birli\u011fi gerektirdi\u011finin alt\u0131n\u0131 \u00e7izdi.<\/p>\n<p>Suriye&#8217;nin istisnas\u0131z t\u00fcm vatanda\u015flar\u0131na yard\u0131m takdim etti\u011fini ifade eden Muallim; Suriye h\u00fck\u00fcmetinin bu yard\u0131mlar\u0131 takdim etmeyi temelde kendi sorumlulu\u011fu ve g\u00f6revi olarak sayd\u0131\u011f\u0131n\u0131n alt\u0131n\u0131 \u00e7izdi. Muallim insani yard\u0131m \u00e7al\u0131\u015fmalar\u0131na e\u015f zamanl\u0131 olarak I\u015e\u0130D, Nusra Cephesi ve \u00e7at\u0131lar\u0131 alt\u0131nda faaliyet g\u00f6steren ter\u00f6r \u00f6rg\u00fctlere kar\u015f\u0131 sava\u015f\u0131n s\u00fcrd\u00fcr\u00fclmesinde kararl\u0131 oldu\u011funu vurgulad\u0131. Bunlar\u0131n yan\u0131 s\u0131ra Cenevre&#8217;de siyasi s\u00fcreci s\u00fcrd\u00fcrece\u011fini belirten Muallim; Suriyeliler aras\u0131nda diyalog yoluyla \u00e7\u00f6z\u00fcm\u00fcn sa\u011flanmas\u0131nda ciddi ve \u015feffaf oldu\u011funun alt\u0131n\u0131 da \u00e7izdi. Muallim \u2018Riyad muhalefeti\u2019 heyetinin son olarak ger\u00e7ek y\u00fcz\u00fcn\u00fc ortaya koydu\u011funu ve tak\u0131nd\u0131\u011f\u0131 tutumla siyasi \u00e7\u00f6z\u00fcm s\u00fcrecini sabote etmekle birlikte askeri t\u0131rmand\u0131rmada bulunma niyetini g\u00f6sterdi\u011fini s\u00f6yledi.<\/p>\n<p>G\u00f6r\u00fc\u015fmede \u00c7in \u00f6zel temsilcisi Xie \u00fclkesinin Suriye&#8217;de en yak\u0131n zaman i\u00e7inde g\u00fcvenlik ve istikrar\u0131n sa\u011flanmas\u0131 konusundaki sabit tutumunu ifade etti. Suriye&#8217;deki krizin Suriyeliler aras\u0131ndaki diyalogla \u00e7\u00f6z\u00fclmesi ve Suriye halk\u0131n\u0131n kendi gelece\u011fini d\u0131\u015f m\u00fcdahale ve dayatmalar olmaks\u0131z\u0131n belirme hakk\u0131n\u0131n bir kez daha alt\u0131n\u0131 \u00e7izen Xie; Suriyelilerin ulusal birlik beraberliklerini koruma hakk\u0131n\u0131 da ifade etti.<\/p>\n<p>Xie \u00c7in\u2019in, Suriye halk\u0131n\u0131n ihtiya\u00e7lar\u0131n\u0131 kar\u015f\u0131lama ve ihtiya\u00e7 sahiplerine insani yard\u0131m temin etme \u00e7abalar\u0131n\u0131 takdirle kar\u015f\u0131lad\u0131\u011f\u0131n\u0131, Suriye&#8217;de g\u00fcvenlik ve istikrar sa\u011flan\u0131ncaya dek deste\u011fini s\u00fcrd\u00fcrme kararl\u0131l\u0131\u011f\u0131nda oldu\u011funu belirtti.<\/p>\n<p>R.H.<\/p>\n","protected":false},"excerpt":{"rendered":"<p>\u015eAM \u2013 Ba\u015fbakan Yard\u0131mc\u0131s\u0131 D\u0131\u015fi\u015fleri ve Gurbet\u00e7iler Bakan\u0131 Velid el Muallim bug\u00fcn \u00c7in\u2019in Suriye \u00f6zel temsilcisi Xie Xiaoyan ve ona e\u015flik eden heyeti kabul etti. B\u00f6lge g\u00fcndemi ve Suriye&#8217;deki krize ili\u015fkin son geli\u015fmelerin ele al\u0131nd\u0131\u011f\u0131 g\u00f6r\u00fc\u015fmede, kendi gelece\u011fini d\u0131\u015f m\u00fcdahale olmaks\u0131z\u0131n kendi elleriyle yap\u0131land\u0131rma hakk\u0131 ba\u015fta olmak \u00fczere Suriye halk\u0131n\u0131n \u00e7\u0131kar ve haklar\u0131n\u0131 koruyacak \u00e7\u00f6z\u00fcm &hellip;<\/p>\n","protected":false},"author":1,"featured_media":70013,"comment_status":"closed","ping_status":"closed","sticky":false,"template":"","format":"standard","meta":{"footnotes":""},"categories":[479,17988,478],"tags":[20639,20638],"class_list":["post-70006","post","type-post","status-publish","format-standard","has-post-thumbnail","","category-haberler-yerel","category-son-haberler","category-yerel","tag-basbakan-yardimcisi-disisleri-ve-gurbetciler-bakani-velid-el-muallim-bugun-cinin-suriye-ozel-temsilcisi","tag-cin-destegini-surdurme-kararliligindadir"],"_links":{"self":[{"href":"https:\/\/archive.sana.sy\/tr\/index.php?rest_route=\/wp\/v2\/posts\/70006","targetHints":{"allow":["GET"]}}],"collection":[{"href":"https:\/\/archive.sana.sy\/tr\/index.php?rest_route=\/wp\/v2\/posts"}],"about":[{"href":"https:\/\/archive.sana.sy\/tr\/index.php?rest_route=\/wp\/v2\/types\/post"}],"author":[{"embeddable":true,"href":"https:\/\/archive.sana.sy\/tr\/index.php?rest_route=\/wp\/v2\/users\/1"}],"replies":[{"embeddable":true,"href":"https:\/\/archive.sana.sy\/tr\/index.php?rest_route=%2Fwp%2Fv2%2Fcomments&post=70006"}],"version-history":[{"count":0,"href":"https:\/\/archive.sana.sy\/tr\/index.php?rest_route=\/wp\/v2\/posts\/70006\/revisions"}],"wp:featuredmedia":[{"embeddable":true,"href":"https:\/\/archive.sana.sy\/tr\/index.php?rest_route=\/wp\/v2\/media\/70013"}],"wp:attachment":[{"href":"https:\/\/archive.sana.sy\/tr\/index.php?rest_route=%2Fwp%2Fv2%2Fmedia&parent=70006"}],"wp:term":[{"taxonomy":"category","embeddable":true,"href":"https:\/\/archive.sana.sy\/tr\/index.php?rest_route=%2Fwp%2Fv2%2Fcategories&post=70006"},{"taxonomy":"post_tag","embeddable":true,"href":"https:\/\/archive.sana.sy\/tr\/index.php?rest_route=%2Fwp%2Fv2%2Ftags&post=70006"}],"curies":[{"name":"wp","href":"https:\/\/api.w.org\/{rel}","templated":true}]}}