{"id":70026,"date":"2016-04-21T12:40:14","date_gmt":"2016-04-21T09:40:14","guid":{"rendered":"http:\/\/www.sana.sy\/tr\/?p=70026"},"modified":"2016-04-21T13:23:07","modified_gmt":"2016-04-21T10:23:07","slug":"zakharova-bugun-yaptigi-basin-aciklamalarinda-riyad-muhalefeti-heyetinin-cenevrede-suriyeliler-arasindaki-diyalog-gorusmelerine-katilimini-askiya-alma-kararinin-terorle-dayanismasi","status":"publish","type":"post","link":"https:\/\/archive.sana.sy\/tr\/?p=70026","title":{"rendered":"Zakharova bug\u00fcn yapt\u0131\u011f\u0131 bas\u0131n a\u00e7\u0131klamalar\u0131nda \u2018Riyad muhalefeti\u2019 heyetinin Cenevre&#8217;de Suriyeliler aras\u0131ndaki diyalog g\u00f6r\u00fc\u015fmelerine kat\u0131l\u0131m\u0131n\u0131 ask\u0131ya alma karar\u0131n\u0131n ter\u00f6rle dayan\u0131\u015fmas\u0131n\u0131 yans\u0131tt\u0131\u011f\u0131n\u0131 belirtti"},"content":{"rendered":"<p>Zakharova bug\u00fcn yapt\u0131\u011f\u0131 bas\u0131n a\u00e7\u0131klamalar\u0131nda \u2018Riyad muhalefeti\u2019 heyetinin Cenevre&#8217;de Suriyeliler aras\u0131ndaki diyalog g\u00f6r\u00fc\u015fmelerine kat\u0131l\u0131m\u0131n\u0131 ask\u0131ya alma karar\u0131n\u0131n ter\u00f6rle dayan\u0131\u015fmas\u0131n\u0131 yans\u0131tt\u0131\u011f\u0131n\u0131 belirtti<\/p>\n","protected":false},"excerpt":{"rendered":"<p>Zakharova bug\u00fcn yapt\u0131\u011f\u0131 bas\u0131n a\u00e7\u0131klamalar\u0131nda \u2018Riyad muhalefeti\u2019 heyetinin Cenevre&#8217;de Suriyeliler aras\u0131ndaki diyalog g\u00f6r\u00fc\u015fmelerine kat\u0131l\u0131m\u0131n\u0131 ask\u0131ya alma karar\u0131n\u0131n ter\u00f6rle dayan\u0131\u015fmas\u0131n\u0131 yans\u0131tt\u0131\u011f\u0131n\u0131 belirtti<\/p>\n","protected":false},"author":1,"featured_media":0,"comment_status":"closed","ping_status":"closed","sticky":false,"template":"","format":"standard","meta":{"footnotes":""},"categories":[1],"tags":[],"class_list":["post-70026","post","type-post","status-publish","format-standard","","category-news-not-sorted"],"_links":{"self":[{"href":"https:\/\/archive.sana.sy\/tr\/index.php?rest_route=\/wp\/v2\/posts\/70026","targetHints":{"allow":["GET"]}}],"collection":[{"href":"https:\/\/archive.sana.sy\/tr\/index.php?rest_route=\/wp\/v2\/posts"}],"about":[{"href":"https:\/\/archive.sana.sy\/tr\/index.php?rest_route=\/wp\/v2\/types\/post"}],"author":[{"embeddable":true,"href":"https:\/\/archive.sana.sy\/tr\/index.php?rest_route=\/wp\/v2\/users\/1"}],"replies":[{"embeddable":true,"href":"https:\/\/archive.sana.sy\/tr\/index.php?rest_route=%2Fwp%2Fv2%2Fcomments&post=70026"}],"version-history":[{"count":0,"href":"https:\/\/archive.sana.sy\/tr\/index.php?rest_route=\/wp\/v2\/posts\/70026\/revisions"}],"wp:attachment":[{"href":"https:\/\/archive.sana.sy\/tr\/index.php?rest_route=%2Fwp%2Fv2%2Fmedia&parent=70026"}],"wp:term":[{"taxonomy":"category","embeddable":true,"href":"https:\/\/archive.sana.sy\/tr\/index.php?rest_route=%2Fwp%2Fv2%2Fcategories&post=70026"},{"taxonomy":"post_tag","embeddable":true,"href":"https:\/\/archive.sana.sy\/tr\/index.php?rest_route=%2Fwp%2Fv2%2Ftags&post=70026"}],"curies":[{"name":"wp","href":"https:\/\/api.w.org\/{rel}","templated":true}]}}