{"id":70030,"date":"2016-04-21T12:50:58","date_gmt":"2016-04-21T09:50:58","guid":{"rendered":"http:\/\/www.sana.sy\/tr\/?p=70030"},"modified":"2016-04-21T13:27:18","modified_gmt":"2016-04-21T10:27:18","slug":"turkiye-rejiminin-suriyede-teror-orgutlere-destegini-araliksiz-surdurdugune-isaret-eden-zakharova-muhtelif-medya-araclarinda-bu-destege-iliskin-bir-kisim-belgelerden-soz-edildigini-belirtti","status":"publish","type":"post","link":"https:\/\/archive.sana.sy\/tr\/?p=70030","title":{"rendered":"T\u00fcrkiye rejiminin Suriye&#8217;de ter\u00f6r \u00f6rg\u00fctlere deste\u011fini aral\u0131ks\u0131z s\u00fcrd\u00fcrd\u00fc\u011f\u00fcne i\u015faret eden Zakharova; muhtelif medya ara\u00e7lar\u0131nda bu deste\u011fe ili\u015fkin bir k\u0131s\u0131m belgelerden s\u00f6z edildi\u011fini belirtti"},"content":{"rendered":"<p>T\u00fcrkiye rejiminin Suriye&#8217;de ter\u00f6r \u00f6rg\u00fctlere deste\u011fini aral\u0131ks\u0131z s\u00fcrd\u00fcrd\u00fc\u011f\u00fcne i\u015faret eden Zakharova; muhtelif medya ara\u00e7lar\u0131nda bu deste\u011fe ili\u015fkin bir k\u0131s\u0131m belgelerden s\u00f6z edildi\u011fini belirtti<\/p>\n","protected":false},"excerpt":{"rendered":"<p>T\u00fcrkiye rejiminin Suriye&#8217;de ter\u00f6r \u00f6rg\u00fctlere deste\u011fini aral\u0131ks\u0131z s\u00fcrd\u00fcrd\u00fc\u011f\u00fcne i\u015faret eden Zakharova; muhtelif medya ara\u00e7lar\u0131nda bu deste\u011fe ili\u015fkin bir k\u0131s\u0131m belgelerden s\u00f6z edildi\u011fini belirtti<\/p>\n","protected":false},"author":1,"featured_media":0,"comment_status":"closed","ping_status":"closed","sticky":false,"template":"","format":"standard","meta":{"footnotes":""},"categories":[17991],"tags":[],"class_list":["post-70030","post","type-post","status-publish","format-standard","","category-son-dakika"],"_links":{"self":[{"href":"https:\/\/archive.sana.sy\/tr\/index.php?rest_route=\/wp\/v2\/posts\/70030","targetHints":{"allow":["GET"]}}],"collection":[{"href":"https:\/\/archive.sana.sy\/tr\/index.php?rest_route=\/wp\/v2\/posts"}],"about":[{"href":"https:\/\/archive.sana.sy\/tr\/index.php?rest_route=\/wp\/v2\/types\/post"}],"author":[{"embeddable":true,"href":"https:\/\/archive.sana.sy\/tr\/index.php?rest_route=\/wp\/v2\/users\/1"}],"replies":[{"embeddable":true,"href":"https:\/\/archive.sana.sy\/tr\/index.php?rest_route=%2Fwp%2Fv2%2Fcomments&post=70030"}],"version-history":[{"count":0,"href":"https:\/\/archive.sana.sy\/tr\/index.php?rest_route=\/wp\/v2\/posts\/70030\/revisions"}],"wp:attachment":[{"href":"https:\/\/archive.sana.sy\/tr\/index.php?rest_route=%2Fwp%2Fv2%2Fmedia&parent=70030"}],"wp:term":[{"taxonomy":"category","embeddable":true,"href":"https:\/\/archive.sana.sy\/tr\/index.php?rest_route=%2Fwp%2Fv2%2Fcategories&post=70030"},{"taxonomy":"post_tag","embeddable":true,"href":"https:\/\/archive.sana.sy\/tr\/index.php?rest_route=%2Fwp%2Fv2%2Ftags&post=70030"}],"curies":[{"name":"wp","href":"https:\/\/api.w.org\/{rel}","templated":true}]}}