{"id":70036,"date":"2016-04-21T16:12:49","date_gmt":"2016-04-21T13:12:49","guid":{"rendered":"http:\/\/sana.sy\/tr\/?p=70036"},"modified":"2016-04-22T17:22:51","modified_gmt":"2016-04-22T14:22:51","slug":"saldirilari-cokertilirken-buyuk-kayiplara-ugratildilar","status":"publish","type":"post","link":"https:\/\/archive.sana.sy\/tr\/?p=70036","title":{"rendered":"Sald\u0131r\u0131lar\u0131 \u00c7\u00f6kertilirken B\u00fcy\u00fck Kay\u0131plara U\u011frat\u0131ld\u0131lar"},"content":{"rendered":"<p>\u0130LLER \u2013 Ordu birliklerimiz I\u015e\u0130D ve Nusra Cephesine kar\u015f\u0131 operasyonlar\u0131n\u0131 s\u00fcrd\u00fcr\u00fcrlerken, muhtelif b\u00f6lgelerde askeri noktalara veya sivil b\u00f6lgelere sald\u0131r\u0131 giri\u015fiminde bulunan ter\u00f6ristleri a\u011f\u0131r kay\u0131plara u\u011fratarak bu giri\u015fimlerini ba\u015far\u0131yla \u00e7\u00f6kerttiler.<\/p>\n<p><span style=\"color: #0000ff\">\u015eAM KIRSALI:<\/span><\/p>\n<p>Askeri kaynak SANA&#8217;ya a\u00e7\u0131klamas\u0131nda ordu birliklerimizin \u015eam k\u0131rsal\u0131n\u0131n Biir el Kasab B\u00f6lgesinde I\u015e\u0130D \u00d6rg\u00fct\u00fcnden 20 ter\u00f6ristle birlikte bir k\u0131sm\u0131 a\u011f\u0131r silahlarla donat\u0131lm\u0131\u015f bir\u00e7ok arac\u0131 imha ettiklerini belirtti.<\/p>\n<p><span style=\"color: #0000ff\">HOMS:<\/span><\/p>\n<p>Di\u011fer yandan SANA&#8217;ya a\u00e7\u0131klama yapan askeri bir kaynak hava g\u00fc\u00e7lerimizin Homs k\u0131rsal\u0131n\u0131n do\u011fusu Tedmur B\u00f6lgesinde I\u015e\u0130D&#8217;in cephane ve ter\u00f6rist ta\u015f\u0131yan bir\u00e7ok ara\u00e7 konvoyunu y\u00fckleriyle birlikte imha etti. Operasyonlarda onlarca arac\u0131n tamamen imha edildi\u011fini belirten kaynak; bir k\u0131sm\u0131 yabanc\u0131 ya da bariz olan y\u00fcksek say\u0131da ter\u00f6ristin de \u00f6ld\u00fcr\u00fcld\u00fc\u011f\u00fcn\u00fc s\u00f6zlerine ekledi.<\/p>\n<p><span style=\"color: #0000ff\">DERA:<\/span><\/p>\n<p>Dera\u2019da ise \u0130srail ve Suudi Arabistan&#8217;dan destek alan Kaide \u00d6rg\u00fct\u00fcn\u00fcn Suriye kolu Nusra Cephesinin askeri noktalara sald\u0131r\u0131 giri\u015fimlerinin \u00e7\u00f6kertildi\u011fini belirten askeri kaynak SANA\u2019ya a\u00e7\u0131klamas\u0131nda; Nusra \u00c7eteleri ve m\u00fcttefikleri di\u011fer ter\u00f6r \u00e7etelerinden ter\u00f6ristlerin il k\u0131rsal\u0131n\u0131n kuzeyinde Dera \u2013 Hurbatgazale karayolu \u00fczerinde askeri mevkilere s\u0131zma giri\u015fimlerinin ba\u015far\u0131s\u0131zl\u0131\u011fa d\u00fc\u015f\u00fcrt\u00fcld\u00fc\u011f\u00fcn\u00fc s\u00f6yledi. Kaynak ya\u015fanan \u00e7at\u0131\u015fmalarda ter\u00f6ristlerin b\u00fcy\u00fck \u00e7o\u011funlu\u011funun cephaneleriyle birlikte etkisizle\u015ftirildiklerini belirtti.<\/p>\n<p>Dera Beled\u2019in Men\u015fiye Semtinde yine Nusra Cephesine tabi bir ter\u00f6r grubuyla \u00e7at\u0131\u015fmaya girildi\u011fini ifade eden kaynak; burada da tekfircilerin hemen hemen tamam\u0131n\u0131n \u00f6l\u00fc yaral\u0131 d\u00fc\u015f\u00fcr\u00fcld\u00fcklerini s\u00f6zlerine ekledi.<\/p>\n<p>R.H.<\/p>\n","protected":false},"excerpt":{"rendered":"<p>\u0130LLER \u2013 Ordu birliklerimiz I\u015e\u0130D ve Nusra Cephesine kar\u015f\u0131 operasyonlar\u0131n\u0131 s\u00fcrd\u00fcr\u00fcrlerken, muhtelif b\u00f6lgelerde askeri noktalara veya sivil b\u00f6lgelere sald\u0131r\u0131 giri\u015fiminde bulunan ter\u00f6ristleri a\u011f\u0131r kay\u0131plara u\u011fratarak bu giri\u015fimlerini ba\u015far\u0131yla \u00e7\u00f6kerttiler. \u015eAM KIRSALI: Askeri kaynak SANA&#8217;ya a\u00e7\u0131klamas\u0131nda ordu birliklerimizin \u015eam k\u0131rsal\u0131n\u0131n Biir el Kasab B\u00f6lgesinde I\u015e\u0130D \u00d6rg\u00fct\u00fcnden 20 ter\u00f6ristle birlikte bir k\u0131sm\u0131 a\u011f\u0131r silahlarla donat\u0131lm\u0131\u015f bir\u00e7ok arac\u0131 &hellip;<\/p>\n","protected":false},"author":1,"featured_media":70037,"comment_status":"closed","ping_status":"closed","sticky":false,"template":"","format":"standard","meta":{"footnotes":""},"categories":[575,17988],"tags":[20645],"class_list":["post-70036","post","type-post","status-publish","format-standard","has-post-thumbnail","","category-olaylar-ve-gercekler","category-son-haberler","tag-saldirilari-cokertilirken-buyuk-kayiplara-ugratildilar"],"_links":{"self":[{"href":"https:\/\/archive.sana.sy\/tr\/index.php?rest_route=\/wp\/v2\/posts\/70036","targetHints":{"allow":["GET"]}}],"collection":[{"href":"https:\/\/archive.sana.sy\/tr\/index.php?rest_route=\/wp\/v2\/posts"}],"about":[{"href":"https:\/\/archive.sana.sy\/tr\/index.php?rest_route=\/wp\/v2\/types\/post"}],"author":[{"embeddable":true,"href":"https:\/\/archive.sana.sy\/tr\/index.php?rest_route=\/wp\/v2\/users\/1"}],"replies":[{"embeddable":true,"href":"https:\/\/archive.sana.sy\/tr\/index.php?rest_route=%2Fwp%2Fv2%2Fcomments&post=70036"}],"version-history":[{"count":0,"href":"https:\/\/archive.sana.sy\/tr\/index.php?rest_route=\/wp\/v2\/posts\/70036\/revisions"}],"wp:featuredmedia":[{"embeddable":true,"href":"https:\/\/archive.sana.sy\/tr\/index.php?rest_route=\/wp\/v2\/media\/70037"}],"wp:attachment":[{"href":"https:\/\/archive.sana.sy\/tr\/index.php?rest_route=%2Fwp%2Fv2%2Fmedia&parent=70036"}],"wp:term":[{"taxonomy":"category","embeddable":true,"href":"https:\/\/archive.sana.sy\/tr\/index.php?rest_route=%2Fwp%2Fv2%2Fcategories&post=70036"},{"taxonomy":"post_tag","embeddable":true,"href":"https:\/\/archive.sana.sy\/tr\/index.php?rest_route=%2Fwp%2Fv2%2Ftags&post=70036"}],"curies":[{"name":"wp","href":"https:\/\/api.w.org\/{rel}","templated":true}]}}