{"id":70082,"date":"2016-04-21T15:42:21","date_gmt":"2016-04-21T12:42:21","guid":{"rendered":"http:\/\/www.sana.sy\/tr\/?p=70082"},"modified":"2016-04-21T15:54:16","modified_gmt":"2016-04-21T12:54:16","slug":"basbakan-vail-el-halaki-bugun-sam-kirsalinin-kuzeydogusu-deyratiyye-kentinde-tekfirci-teroristlerin-2013-yilinda-sabote-etmeleri-ardindan-onarilip-yeniden-tam-techizat-donatilan-basil-hastanesini-cumh","status":"publish","type":"post","link":"https:\/\/archive.sana.sy\/tr\/?p=70082","title":{"rendered":"Ba\u015fbakan Vail el Halaki bug\u00fcn \u015eam k\u0131rsal\u0131n\u0131n kuzeydo\u011fusu Deyratiyye Kentinde tekfirci ter\u00f6ristlerin 2013 y\u0131l\u0131nda sabote etmeleri ard\u0131ndan onar\u0131l\u0131p yeniden tam te\u00e7hizat donat\u0131lan Basil Hastanesini Cumhurba\u015fkan\u0131 Be\u015f\u015far el Esad\u2019\u0131n y\u00f6nlendirmeleri \u00fczerine hizmete a\u00e7t\u0131"},"content":{"rendered":"<p>Ba\u015fbakan Vail el Halaki bug\u00fcn \u015eam k\u0131rsal\u0131n\u0131n kuzeydo\u011fusu Deyratiyye Kentinde tekfirci ter\u00f6ristlerin 2013 y\u0131l\u0131nda sabote etmeleri ard\u0131ndan onar\u0131l\u0131p yeniden tam te\u00e7hizat donat\u0131lan Basil Hastanesini Cumhurba\u015fkan\u0131 Be\u015f\u015far el Esad\u2019\u0131n y\u00f6nlendirmeleri \u00fczerine hizmete a\u00e7t\u0131<\/p>\n","protected":false},"excerpt":{"rendered":"<p>Ba\u015fbakan Vail el Halaki bug\u00fcn \u015eam k\u0131rsal\u0131n\u0131n kuzeydo\u011fusu Deyratiyye Kentinde tekfirci ter\u00f6ristlerin 2013 y\u0131l\u0131nda sabote etmeleri ard\u0131ndan onar\u0131l\u0131p yeniden tam te\u00e7hizat donat\u0131lan Basil Hastanesini Cumhurba\u015fkan\u0131 Be\u015f\u015far el Esad\u2019\u0131n y\u00f6nlendirmeleri \u00fczerine hizmete a\u00e7t\u0131<\/p>\n","protected":false},"author":1,"featured_media":70084,"comment_status":"closed","ping_status":"closed","sticky":false,"template":"","format":"standard","meta":{"footnotes":""},"categories":[17991],"tags":[],"class_list":["post-70082","post","type-post","status-publish","format-standard","has-post-thumbnail","","category-son-dakika"],"_links":{"self":[{"href":"https:\/\/archive.sana.sy\/tr\/index.php?rest_route=\/wp\/v2\/posts\/70082","targetHints":{"allow":["GET"]}}],"collection":[{"href":"https:\/\/archive.sana.sy\/tr\/index.php?rest_route=\/wp\/v2\/posts"}],"about":[{"href":"https:\/\/archive.sana.sy\/tr\/index.php?rest_route=\/wp\/v2\/types\/post"}],"author":[{"embeddable":true,"href":"https:\/\/archive.sana.sy\/tr\/index.php?rest_route=\/wp\/v2\/users\/1"}],"replies":[{"embeddable":true,"href":"https:\/\/archive.sana.sy\/tr\/index.php?rest_route=%2Fwp%2Fv2%2Fcomments&post=70082"}],"version-history":[{"count":0,"href":"https:\/\/archive.sana.sy\/tr\/index.php?rest_route=\/wp\/v2\/posts\/70082\/revisions"}],"wp:featuredmedia":[{"embeddable":true,"href":"https:\/\/archive.sana.sy\/tr\/index.php?rest_route=\/wp\/v2\/media\/70084"}],"wp:attachment":[{"href":"https:\/\/archive.sana.sy\/tr\/index.php?rest_route=%2Fwp%2Fv2%2Fmedia&parent=70082"}],"wp:term":[{"taxonomy":"category","embeddable":true,"href":"https:\/\/archive.sana.sy\/tr\/index.php?rest_route=%2Fwp%2Fv2%2Fcategories&post=70082"},{"taxonomy":"post_tag","embeddable":true,"href":"https:\/\/archive.sana.sy\/tr\/index.php?rest_route=%2Fwp%2Fv2%2Ftags&post=70082"}],"curies":[{"name":"wp","href":"https:\/\/api.w.org\/{rel}","templated":true}]}}