{"id":70086,"date":"2016-04-21T12:00:53","date_gmt":"2016-04-21T09:00:53","guid":{"rendered":"http:\/\/www.sana.sy\/tr\/?p=70086"},"modified":"2016-04-22T17:24:09","modified_gmt":"2016-04-22T14:24:09","slug":"basbakan-hastaneyi-yeniden-hizmete-acti","status":"publish","type":"post","link":"https:\/\/archive.sana.sy\/tr\/?p=70086","title":{"rendered":"Ba\u015fbakan Hastaneyi Yeniden Hizmete A\u00e7t\u0131 (video)"},"content":{"rendered":"<p>\u015eAM KIRSALI \u2013 Ba\u015fbakan Vail el Halaki bug\u00fcn \u015eam k\u0131rsal\u0131n\u0131n kuzeydo\u011fusu Deyratiyye Kentinde tekfirci ter\u00f6ristlerin 2013 y\u0131l\u0131nda sabote etmeleri ard\u0131ndan onar\u0131l\u0131p yeniden tam te\u00e7hizat donat\u0131lan Basil Hastanesini Cumhurba\u015fkan\u0131 Be\u015f\u015far el Esad\u2019\u0131n y\u00f6nlendirmeleri \u00fczerine hizmete a\u00e7t\u0131.<\/p>\n<p>6 bin metre karelik alan \u00fczerinde 6 katl\u0131 binada 100 hasta yata\u011f\u0131 kapasiteli hastaneyi onarma ve donatma maliyeti 750 milyon liray\u0131 buldu.<\/p>\n<p>5 t\u0131bbi operasyon \u00fcnitesinin de bulundu\u011fu hastanenin a\u00e7\u0131l\u0131\u015f\u0131 ard\u0131ndan bas\u0131na a\u00e7\u0131klama yapan Ba\u015fbakan Halaki; h\u00fck\u00fcmetin vatanda\u015flar\u0131n gereksinimlerini temin etme ve hizmeti artt\u0131rma amac\u0131yla ter\u00f6ristlerin sabote ettikleri her hastane, okul, \u00fcniversite, fabrika ya da herhangi bir hizmet kurumunu m\u00fcmk\u00fcn oldu\u011funca en k\u0131sa s\u00fcrede onarmaya \u00f6zen g\u00f6sterdi\u011fini ifade etti.<\/p>\n<p>Ba\u015fbakan Halaki Suriye ve halk\u0131n\u0131n ter\u00f6re kar\u015f\u0131 m\u00fccadele azimlerine dikkat \u00e7ekerken, vatan\u0131 ve ordusuyla kenetlenen halk\u0131n iradesini k\u0131rman\u0131n m\u00fcmk\u00fcn olmad\u0131\u011f\u0131n\u0131, Suriye d\u00fc\u015fmanlar\u0131n\u0131n da bunu idrak etmeleri gerekti\u011fini s\u00f6yledi.<\/p>\n<p>Hastaneyi yeniden hizmete a\u00e7ma t\u00f6renine Hizmet \u0130\u015flerinden Sorumlu Ba\u015fbakan Yard\u0131mc\u0131s\u0131 ve Yerel \u0130dare Bakan\u0131 \u00d6mer Galavenci, Sa\u011fl\u0131k Bakan\u0131 Nizar Yaz\u0131c\u0131, \u015eam \u00c7evre Kent Valisi H\u00fcseyin Yaz\u0131c\u0131 ve daha ba\u015fka devlet yetkilileri kat\u0131ld\u0131.<\/p>\n<p>Ter\u00f6ristler 26 Kas\u0131m 2013 tarihinde hastaneye sald\u0131rmalar\u0131 ard\u0131ndan sa\u011fl\u0131k kadrosundan 11 ki\u015fiyi \u015fehit etmi\u015f, hastaneyi de ya\u011fmalay\u0131p y\u0131km\u0131\u015flard\u0131.<\/p>\n<p>https:\/\/youtu.be\/OKTg90LiQO0<\/p>\n<div id='gallery-1' class='gallery galleryid-70086 gallery-columns-3 gallery-size-thumbnail'><figure class='gallery-item'>\n\t\t\t<div class='gallery-icon landscape'>\n\t\t\t\t<a href='https:\/\/archive.sana.sy\/tr\/?attachment_id=70112'><img loading=\"lazy\" decoding=\"async\" width=\"150\" height=\"75\" src=\"https:\/\/archive.sana.sy\/tr\/wp-content\/uploads\/2016\/04\/\u00e7ama\u015f\u0131r-makinesi-deyr-at\u0131ye-150x75.jpg\" class=\"attachment-thumbnail size-thumbnail\" alt=\"\" srcset=\"https:\/\/archive.sana.sy\/tr\/wp-content\/uploads\/2016\/04\/\u00e7ama\u015f\u0131r-makinesi-deyr-at\u0131ye-150x75.jpg 150w, https:\/\/archive.sana.sy\/tr\/wp-content\/uploads\/2016\/04\/\u00e7ama\u015f\u0131r-makinesi-deyr-at\u0131ye-300x150.jpg 300w, https:\/\/archive.sana.sy\/tr\/wp-content\/uploads\/2016\/04\/\u00e7ama\u015f\u0131r-makinesi-deyr-at\u0131ye.jpg 660w\" sizes=\"auto, (max-width: 150px) 100vw, 150px\" \/><\/a>\n\t\t\t<\/div><\/figure><figure class='gallery-item'>\n\t\t\t<div class='gallery-icon landscape'>\n\t\t\t\t<a href='https:\/\/archive.sana.sy\/tr\/?attachment_id=70113'><img loading=\"lazy\" decoding=\"async\" width=\"150\" height=\"75\" src=\"https:\/\/archive.sana.sy\/tr\/wp-content\/uploads\/2016\/04\/doktor-ile-deyr-at\u0131ye-1-150x75.jpg\" class=\"attachment-thumbnail size-thumbnail\" alt=\"\" srcset=\"https:\/\/archive.sana.sy\/tr\/wp-content\/uploads\/2016\/04\/doktor-ile-deyr-at\u0131ye-1-150x75.jpg 150w, https:\/\/archive.sana.sy\/tr\/wp-content\/uploads\/2016\/04\/doktor-ile-deyr-at\u0131ye-1-300x150.jpg 300w, https:\/\/archive.sana.sy\/tr\/wp-content\/uploads\/2016\/04\/doktor-ile-deyr-at\u0131ye-1.jpg 660w\" sizes=\"auto, (max-width: 150px) 100vw, 150px\" \/><\/a>\n\t\t\t<\/div><\/figure><figure class='gallery-item'>\n\t\t\t<div class='gallery-icon landscape'>\n\t\t\t\t<a href='https:\/\/archive.sana.sy\/tr\/?attachment_id=70114'><img loading=\"lazy\" decoding=\"async\" width=\"150\" height=\"75\" src=\"https:\/\/archive.sana.sy\/tr\/wp-content\/uploads\/2016\/04\/hasta3-deyr-at\u0131ye-150x75.jpg\" class=\"attachment-thumbnail size-thumbnail\" alt=\"\" srcset=\"https:\/\/archive.sana.sy\/tr\/wp-content\/uploads\/2016\/04\/hasta3-deyr-at\u0131ye-150x75.jpg 150w, https:\/\/archive.sana.sy\/tr\/wp-content\/uploads\/2016\/04\/hasta3-deyr-at\u0131ye-300x150.jpg 300w, https:\/\/archive.sana.sy\/tr\/wp-content\/uploads\/2016\/04\/hasta3-deyr-at\u0131ye.jpg 660w\" sizes=\"auto, (max-width: 150px) 100vw, 150px\" \/><\/a>\n\t\t\t<\/div><\/figure><figure class='gallery-item'>\n\t\t\t<div class='gallery-icon landscape'>\n\t\t\t\t<a href='https:\/\/archive.sana.sy\/tr\/?attachment_id=70115'><img loading=\"lazy\" decoding=\"async\" width=\"150\" height=\"75\" src=\"https:\/\/archive.sana.sy\/tr\/wp-content\/uploads\/2016\/04\/hastalar-ile-deyr-at\u0131ye-1-150x75.jpg\" class=\"attachment-thumbnail size-thumbnail\" alt=\"\" srcset=\"https:\/\/archive.sana.sy\/tr\/wp-content\/uploads\/2016\/04\/hastalar-ile-deyr-at\u0131ye-1-150x75.jpg 150w, https:\/\/archive.sana.sy\/tr\/wp-content\/uploads\/2016\/04\/hastalar-ile-deyr-at\u0131ye-1-300x150.jpg 300w, https:\/\/archive.sana.sy\/tr\/wp-content\/uploads\/2016\/04\/hastalar-ile-deyr-at\u0131ye-1.jpg 660w\" sizes=\"auto, (max-width: 150px) 100vw, 150px\" \/><\/a>\n\t\t\t<\/div><\/figure><figure class='gallery-item'>\n\t\t\t<div class='gallery-icon landscape'>\n\t\t\t\t<a href='https:\/\/archive.sana.sy\/tr\/?attachment_id=70116'><img loading=\"lazy\" decoding=\"async\" width=\"150\" height=\"75\" src=\"https:\/\/archive.sana.sy\/tr\/wp-content\/uploads\/2016\/04\/temel-ta\u015f\u0131-deyr-at\u0131ye-1-150x75.jpg\" class=\"attachment-thumbnail size-thumbnail\" alt=\"\" srcset=\"https:\/\/archive.sana.sy\/tr\/wp-content\/uploads\/2016\/04\/temel-ta\u015f\u0131-deyr-at\u0131ye-1-150x75.jpg 150w, https:\/\/archive.sana.sy\/tr\/wp-content\/uploads\/2016\/04\/temel-ta\u015f\u0131-deyr-at\u0131ye-1-300x150.jpg 300w, https:\/\/archive.sana.sy\/tr\/wp-content\/uploads\/2016\/04\/temel-ta\u015f\u0131-deyr-at\u0131ye-1.jpg 660w\" sizes=\"auto, (max-width: 150px) 100vw, 150px\" \/><\/a>\n\t\t\t<\/div><\/figure><figure class='gallery-item'>\n\t\t\t<div class='gallery-icon landscape'>\n\t\t\t\t<a href='https:\/\/archive.sana.sy\/tr\/?attachment_id=70117'><img loading=\"lazy\" decoding=\"async\" width=\"150\" height=\"75\" src=\"https:\/\/archive.sana.sy\/tr\/wp-content\/uploads\/2016\/04\/acil2-deyr-at\u0131ye-1-150x75.jpg\" class=\"attachment-thumbnail size-thumbnail\" alt=\"\" srcset=\"https:\/\/archive.sana.sy\/tr\/wp-content\/uploads\/2016\/04\/acil2-deyr-at\u0131ye-1-150x75.jpg 150w, https:\/\/archive.sana.sy\/tr\/wp-content\/uploads\/2016\/04\/acil2-deyr-at\u0131ye-1-300x150.jpg 300w, https:\/\/archive.sana.sy\/tr\/wp-content\/uploads\/2016\/04\/acil2-deyr-at\u0131ye-1.jpg 660w\" sizes=\"auto, (max-width: 150px) 100vw, 150px\" \/><\/a>\n\t\t\t<\/div><\/figure>\n\t\t<\/div>\n\n<p>R.H.<\/p>\n","protected":false},"excerpt":{"rendered":"<p>\u015eAM KIRSALI \u2013 Ba\u015fbakan Vail el Halaki bug\u00fcn \u015eam k\u0131rsal\u0131n\u0131n kuzeydo\u011fusu Deyratiyye Kentinde tekfirci ter\u00f6ristlerin 2013 y\u0131l\u0131nda sabote etmeleri ard\u0131ndan onar\u0131l\u0131p yeniden tam te\u00e7hizat donat\u0131lan Basil Hastanesini Cumhurba\u015fkan\u0131 Be\u015f\u015far el Esad\u2019\u0131n y\u00f6nlendirmeleri \u00fczerine hizmete a\u00e7t\u0131. 6 bin metre karelik alan \u00fczerinde 6 katl\u0131 binada 100 hasta yata\u011f\u0131 kapasiteli hastaneyi onarma ve donatma maliyeti 750 milyon &hellip;<\/p>\n","protected":false},"author":1,"featured_media":70105,"comment_status":"closed","ping_status":"closed","sticky":false,"template":"","format":"standard","meta":{"footnotes":""},"categories":[485,486,17988],"tags":[18703,20655,20657,20656,18702],"class_list":["post-70086","post","type-post","status-publish","format-standard","has-post-thumbnail","","category-is-ve-sermaye","category-haberler-is-ve-sermaye","category-son-haberler","tag-basbakan","tag-el-esadin-yonlendirmeleriyle","tag-hastaneyi-yeniden-hizmete-acti","tag-hizmet-projeleri","tag-vail-el-halaki"],"_links":{"self":[{"href":"https:\/\/archive.sana.sy\/tr\/index.php?rest_route=\/wp\/v2\/posts\/70086","targetHints":{"allow":["GET"]}}],"collection":[{"href":"https:\/\/archive.sana.sy\/tr\/index.php?rest_route=\/wp\/v2\/posts"}],"about":[{"href":"https:\/\/archive.sana.sy\/tr\/index.php?rest_route=\/wp\/v2\/types\/post"}],"author":[{"embeddable":true,"href":"https:\/\/archive.sana.sy\/tr\/index.php?rest_route=\/wp\/v2\/users\/1"}],"replies":[{"embeddable":true,"href":"https:\/\/archive.sana.sy\/tr\/index.php?rest_route=%2Fwp%2Fv2%2Fcomments&post=70086"}],"version-history":[{"count":0,"href":"https:\/\/archive.sana.sy\/tr\/index.php?rest_route=\/wp\/v2\/posts\/70086\/revisions"}],"wp:featuredmedia":[{"embeddable":true,"href":"https:\/\/archive.sana.sy\/tr\/index.php?rest_route=\/wp\/v2\/media\/70105"}],"wp:attachment":[{"href":"https:\/\/archive.sana.sy\/tr\/index.php?rest_route=%2Fwp%2Fv2%2Fmedia&parent=70086"}],"wp:term":[{"taxonomy":"category","embeddable":true,"href":"https:\/\/archive.sana.sy\/tr\/index.php?rest_route=%2Fwp%2Fv2%2Fcategories&post=70086"},{"taxonomy":"post_tag","embeddable":true,"href":"https:\/\/archive.sana.sy\/tr\/index.php?rest_route=%2Fwp%2Fv2%2Ftags&post=70086"}],"curies":[{"name":"wp","href":"https:\/\/api.w.org\/{rel}","templated":true}]}}