{"id":70092,"date":"2016-04-21T15:50:15","date_gmt":"2016-04-21T12:50:15","guid":{"rendered":"http:\/\/www.sana.sy\/tr\/?p=70092"},"modified":"2016-04-22T16:15:27","modified_gmt":"2016-04-22T13:15:27","slug":"temaslar-bircok-meselede-gorus-birligini-yansitti","status":"publish","type":"post","link":"https:\/\/archive.sana.sy\/tr\/?p=70092","title":{"rendered":"Temaslar Bir\u00e7ok Meselede G\u00f6r\u00fc\u015f Birli\u011fini Yans\u0131tt\u0131"},"content":{"rendered":"<p>PRAG \u2013 D\u0131\u015fi\u015fleri ve Gurbet\u00e7iler Bakan\u0131 Yard\u0131mc\u0131s\u0131 Faysal Mikdat bug\u00fcn ba\u015fkent Prag\u2019da \u00c7ek Cumhuriyeti Ba\u015fbakan Yard\u0131mc\u0131s\u0131 ve Maliye Bakan\u0131 Andrei Babich ve D\u0131\u015fi\u015fleri Bakan\u0131 Lubomir Zaoralek ile ayr\u0131 ayr\u0131 d\u00fczenledi\u011fi toplant\u0131larda Suriye&#8217;deki son durumlar ve ya\u015fanan krizin siyasi \u00e7\u00f6z\u00fcm\u00fcne ili\u015fkin \u00e7abalar\u0131 masaya yat\u0131r\u0131rken, \u00c7ek Cumhuriyetinin Suriye&#8217;de yeniden imar s\u00fcrecine katk\u0131 olanaklar\u0131n\u0131 g\u00f6r\u00fc\u015ft\u00fc.<\/p>\n<p>Mikdat Prag\u2019da SANA muhabirine a\u00e7\u0131klamas\u0131nda g\u00f6r\u00fc\u015fmeleri olduk\u00e7a \u00f6nemli ve yap\u0131c\u0131 olarak nitelendirirdi. \u00c7ek D\u0131\u015fi\u015fleri Bakan\u0131 Zaoralek\u2019in, Suriye h\u00fck\u00fcmetinin krizin siyasi \u00e7\u00f6z\u00fcm\u00fc i\u00e7in \u00f6ne koydu\u011fu plana b\u00fcy\u00fck be\u011feni sergiledi\u011fini aktaran Mikdat; son geli\u015fmelerin siyasi \u00e7\u00f6z\u00fcm\u00fc sa\u011flamas\u0131 umudunu ifade etti\u011fini de s\u00f6zlerine ekledi.<\/p>\n<p><a href=\"http:\/\/www.sana.sy\/tr\/wp-content\/uploads\/2016\/04\/2-22.jpg\"><img loading=\"lazy\" decoding=\"async\" class=\"alignright wp-image-70083 size-medium\" src=\"http:\/\/www.sana.sy\/tr\/wp-content\/uploads\/2016\/04\/2-22-300x168.jpg\" alt=\"2\" width=\"300\" height=\"168\" srcset=\"https:\/\/archive.sana.sy\/tr\/wp-content\/uploads\/2016\/04\/2-22-300x168.jpg 300w, https:\/\/archive.sana.sy\/tr\/wp-content\/uploads\/2016\/04\/2-22-150x84.jpg 150w, https:\/\/archive.sana.sy\/tr\/wp-content\/uploads\/2016\/04\/2-22-768x430.jpg 768w, https:\/\/archive.sana.sy\/tr\/wp-content\/uploads\/2016\/04\/2-22-1024x574.jpg 1024w, https:\/\/archive.sana.sy\/tr\/wp-content\/uploads\/2016\/04\/2-22.jpg 1547w\" sizes=\"auto, (max-width: 300px) 100vw, 300px\" \/><\/a>Mikdat Zaoralek\u2019in \u00fclkesinin Suriye&#8217;de yeniden imar s\u00fcrecine katk\u0131 sa\u011flamaya haz\u0131r oldu\u011funu ifade ederken, Suriye heyetinin ziyareti ve temaslar\u0131nda \u00c7ekli yetkililerle ciddi bir g\u00f6r\u00fc\u015f birli\u011fi g\u00f6rd\u00fc\u011f\u00fcne dikkat \u00e7ekti.<\/p>\n<p>\u00c7ek D\u0131\u015fi\u015fleri Bakan\u0131 Zaoralek ise a\u00e7\u0131klamas\u0131nda; temaslar\u0131n \u00f6zellikle AB\u2019nin Suriye&#8217;deki krizin sonland\u0131r\u0131lmas\u0131 ve \u00e7at\u0131\u015fmalar\u0131 durdurma anla\u015fmas\u0131n\u0131n peki\u015fitirilmesinde m\u00fcmk\u00fcn oldu\u011funca etkin bir rol oynamas\u0131 ba\u015fta olmak \u00fczere bir\u00e7ok meselede g\u00f6r\u00fc\u015f birli\u011fini yans\u0131tt\u0131\u011f\u0131n\u0131 ifade etti.<\/p>\n<p>AB\u2019nin mevcut s\u00fcre\u00e7 i\u00e7inde en b\u00fcy\u00fck g\u00f6revinin Suriye&#8217;deki krizin siyasi yollarla \u00e7\u00f6z\u00fclmesini sa\u011flamak oldu\u011funu belirten Zaoralek; bu hedefin herkesin sorumlulu\u011fu oldu\u011funa vurgu yapt\u0131. Zaoralek \u00c7ek Cumhuriyetinin Suriye&#8217;de yeniden yap\u0131lanma s\u00fcrecine b\u00fcy\u00fck bir ilgi g\u00f6sterdi\u011fini de ifade etti.<\/p>\n<p>Mikdat ve ona e\u015flik eden Suriye heyet; be\u015f y\u0131la a\u015fk\u0131n s\u00fcredir ilk kez Avrupal\u0131 bir ba\u015fkente i\u015f gezisi \u00e7er\u00e7evesinde Prag\u2019da bir dizi temaslarda bulunmu\u015ftu.<\/p>\n","protected":false},"excerpt":{"rendered":"<p>PRAG \u2013 D\u0131\u015fi\u015fleri ve Gurbet\u00e7iler Bakan\u0131 Yard\u0131mc\u0131s\u0131 Faysal Mikdat bug\u00fcn ba\u015fkent Prag\u2019da \u00c7ek Cumhuriyeti Ba\u015fbakan Yard\u0131mc\u0131s\u0131 ve Maliye Bakan\u0131 Andrei Babich ve D\u0131\u015fi\u015fleri Bakan\u0131 Lubomir Zaoralek ile ayr\u0131 ayr\u0131 d\u00fczenledi\u011fi toplant\u0131larda Suriye&#8217;deki son durumlar ve ya\u015fanan krizin siyasi \u00e7\u00f6z\u00fcm\u00fcne ili\u015fkin \u00e7abalar\u0131 masaya yat\u0131r\u0131rken, \u00c7ek Cumhuriyetinin Suriye&#8217;de yeniden imar s\u00fcrecine katk\u0131 olanaklar\u0131n\u0131 g\u00f6r\u00fc\u015ft\u00fc. Mikdat Prag\u2019da SANA &hellip;<\/p>\n","protected":false},"author":1,"featured_media":70084,"comment_status":"closed","ping_status":"closed","sticky":false,"template":"","format":"standard","meta":{"footnotes":""},"categories":[458,459,17988],"tags":[20653,20654,6654,20658],"class_list":["post-70092","post","type-post","status-publish","format-standard","has-post-thumbnail","","category-dunya1","category-haberler-arap-uluslararasi-politika","category-son-haberler","tag-cek-cumhuriyeti-basbakan-yardimcisi-ve-maliye-bakani-andrei-babich","tag-cek-disisleri-bakani-lubomir-zaoralek","tag-disisleri-ve-gurbetciler-bakani-yardimcisi-faysal-mikdat","tag-temaslar-bircok-meselede-gorus-birligini-yansitti"],"_links":{"self":[{"href":"https:\/\/archive.sana.sy\/tr\/index.php?rest_route=\/wp\/v2\/posts\/70092","targetHints":{"allow":["GET"]}}],"collection":[{"href":"https:\/\/archive.sana.sy\/tr\/index.php?rest_route=\/wp\/v2\/posts"}],"about":[{"href":"https:\/\/archive.sana.sy\/tr\/index.php?rest_route=\/wp\/v2\/types\/post"}],"author":[{"embeddable":true,"href":"https:\/\/archive.sana.sy\/tr\/index.php?rest_route=\/wp\/v2\/users\/1"}],"replies":[{"embeddable":true,"href":"https:\/\/archive.sana.sy\/tr\/index.php?rest_route=%2Fwp%2Fv2%2Fcomments&post=70092"}],"version-history":[{"count":0,"href":"https:\/\/archive.sana.sy\/tr\/index.php?rest_route=\/wp\/v2\/posts\/70092\/revisions"}],"wp:featuredmedia":[{"embeddable":true,"href":"https:\/\/archive.sana.sy\/tr\/index.php?rest_route=\/wp\/v2\/media\/70084"}],"wp:attachment":[{"href":"https:\/\/archive.sana.sy\/tr\/index.php?rest_route=%2Fwp%2Fv2%2Fmedia&parent=70092"}],"wp:term":[{"taxonomy":"category","embeddable":true,"href":"https:\/\/archive.sana.sy\/tr\/index.php?rest_route=%2Fwp%2Fv2%2Fcategories&post=70092"},{"taxonomy":"post_tag","embeddable":true,"href":"https:\/\/archive.sana.sy\/tr\/index.php?rest_route=%2Fwp%2Fv2%2Ftags&post=70092"}],"curies":[{"name":"wp","href":"https:\/\/api.w.org\/{rel}","templated":true}]}}