{"id":70096,"date":"2016-04-21T17:01:54","date_gmt":"2016-04-21T14:01:54","guid":{"rendered":"http:\/\/www.sana.sy\/tr\/?p=70096"},"modified":"2016-04-22T16:15:22","modified_gmt":"2016-04-22T13:15:22","slug":"turkiye-bmgk-kararina-uymadi","status":"publish","type":"post","link":"https:\/\/archive.sana.sy\/tr\/?p=70096","title":{"rendered":"T\u00fcrkiye BMGK Karar\u0131na Uymad\u0131"},"content":{"rendered":"<p>\u015eAM \u2013 Cumhurba\u015fkanl\u0131\u011f\u0131nda Siyasi ve Bas\u0131n Dan\u0131\u015fman\u0131 B\u00fcseyna \u015eaban bug\u00fcn Suriye&#8217;yi ilk kez ziyaret eden \u00c7in\u2019in Suriye \u00f6zel temsilcisi Xie Xiaoyan ve ona e\u015flik eden heyet ile bir araya gelerek Suriye&#8217;deki krizin siyasi \u00e7\u00f6z\u00fcm\u00fc ve engeller hakk\u0131nda bilgi verdi.<\/p>\n<p>\u015eaban Suriye&#8217;nin devlet kurumlar\u0131 ve halk\u0131 hedef alan ter\u00f6rle m\u00fccadele ve buna e\u015f zamanl\u0131 olarak yerel uzla\u015fma \u00e7abalar\u0131n\u0131n yan\u0131 s\u0131ra Suriyeliler aras\u0131ndaki diyalog g\u00f6r\u00fc\u015fmeleri ile krizin \u00e7\u00f6z\u00fcm\u00fcne hizmet edecek her \u00e7abay\u0131 harcad\u0131\u011f\u0131n\u0131 belirtti.<\/p>\n<p><a href=\"http:\/\/www.sana.sy\/tr\/wp-content\/uploads\/2016\/04\/2-23.jpg\"><img loading=\"lazy\" decoding=\"async\" class=\"alignright wp-image-70101 size-medium\" src=\"http:\/\/www.sana.sy\/tr\/wp-content\/uploads\/2016\/04\/2-23-300x200.jpg\" alt=\"2\" width=\"300\" height=\"200\" srcset=\"https:\/\/archive.sana.sy\/tr\/wp-content\/uploads\/2016\/04\/2-23-300x200.jpg 300w, https:\/\/archive.sana.sy\/tr\/wp-content\/uploads\/2016\/04\/2-23-150x100.jpg 150w, https:\/\/archive.sana.sy\/tr\/wp-content\/uploads\/2016\/04\/2-23-768x511.jpg 768w, https:\/\/archive.sana.sy\/tr\/wp-content\/uploads\/2016\/04\/2-23-1024x682.jpg 1024w\" sizes=\"auto, (max-width: 300px) 100vw, 300px\" \/><\/a>Krizin \u00e7\u00f6z\u00fcm\u00fc ve ABD\u2019nin yan\u0131 s\u0131ra uluslar aras\u0131 kimi tafralar\u0131n tutumlar\u0131ndaki engeller hakk\u0131nda bilgi veren \u015eaban; krizin \u00e7\u00f6z\u00fcm\u00fcnde Suriyelilerin iradesi haricinde b\u00f6lgesel ve uluslar aras\u0131 engelleyici fakt\u00f6rler bulundu\u011funu s\u00f6yledi. \u015eaban bu fakt\u00f6rlerin ba\u015f\u0131nda T\u00fcrkiye topraklar\u0131 \u00fczerinden Suriye&#8217;ye ter\u00f6ristlerin yan\u0131 s\u0131ra askeri, lojistik ve her t\u00fcrl\u00fc deste\u011fin ge\u00e7irilmesi yer ald\u0131\u011f\u0131n\u0131 vurgulad\u0131. T\u00fcrkiye rejiminin BMGK\u2019nin yedinci bent alt\u0131nda onaylad\u0131\u011f\u0131 2253 say\u0131l\u0131 karara hi\u00e7bir \u015fekilde ba\u011fl\u0131 kalmad\u0131\u011f\u0131na dikkat \u00e7eken \u015eaban; bu karar\u0131n ter\u00f6ristlerin ve ter\u00f6re destek ya da finans\u0131n s\u0131n\u0131rdan ge\u00e7i\u015fini yasaklad\u0131\u011f\u0131n\u0131n alt\u0131n\u0131 \u00e7izdi. \u015eaban b\u00f6lge ve t\u00fcm d\u00fcnya halklar\u0131n\u0131 tehdit eden ter\u00f6r\u00fcn Suriye&#8217;de devam etmesinin nedeninin de bul odlu\u011funu s\u00f6zlerine ekledi.<\/p>\n<p>\u015eaban \u00c7inli temsilciyle Suriye&#8217;nin egemenli\u011fini, ba\u011f\u0131ms\u0131zl\u0131\u011f\u0131n\u0131, toprak selametini ve halk\u0131n\u0131n b\u00fct\u00fcnl\u00fc\u011f\u00fcn\u00fc koruyacak siyasi bir \u00e7\u00f6z\u00fcm\u00fcn sa\u011flanmas\u0131 olanaklar\u0131 konusunda g\u00f6r\u00fc\u015f al\u0131\u015fveri\u015finde bulundu.<\/p>\n<p>G\u00f6r\u00fc\u015fmede \u00c7inli temsilci Xie \u00fclkesinin krizin \u00e7\u00f6z\u00fcm\u00fc konusunda Suriye ile hemen hemen ayn\u0131 g\u00f6r\u00fc\u015fe sahip olduklar\u0131n\u0131 belirtti. \u00dclkesinin Suriye&#8217;nin egemenli\u011fi, toprak b\u00fct\u00fcnl\u00fc\u011f\u00fc ve halk\u0131n\u0131n iradesinin korunmas\u0131nda hi\u00e7 bir \u00e7abadan geri kalmayaca\u011f\u0131n\u0131 belirten Xie; ABD\u2019nin tutumlar\u0131nda olumlu de\u011fi\u015fimin olmas\u0131n\u0131 umut etti\u011fini ifade etti.<\/p>\n","protected":false},"excerpt":{"rendered":"<p>\u015eAM \u2013 Cumhurba\u015fkanl\u0131\u011f\u0131nda Siyasi ve Bas\u0131n Dan\u0131\u015fman\u0131 B\u00fcseyna \u015eaban bug\u00fcn Suriye&#8217;yi ilk kez ziyaret eden \u00c7in\u2019in Suriye \u00f6zel temsilcisi Xie Xiaoyan ve ona e\u015flik eden heyet ile bir araya gelerek Suriye&#8217;deki krizin siyasi \u00e7\u00f6z\u00fcm\u00fc ve engeller hakk\u0131nda bilgi verdi. \u015eaban Suriye&#8217;nin devlet kurumlar\u0131 ve halk\u0131 hedef alan ter\u00f6rle m\u00fccadele ve buna e\u015f zamanl\u0131 olarak yerel &hellip;<\/p>\n","protected":false},"author":1,"featured_media":70100,"comment_status":"closed","ping_status":"closed","sticky":false,"template":"","format":"standard","meta":{"footnotes":""},"categories":[479,17988,2554,2555,478],"tags":[19130,20661,20662],"class_list":["post-70096","post","type-post","status-publish","format-standard","has-post-thumbnail","","category-haberler-yerel","category-son-haberler","category-suriye-ve-dunya","category-suriye-ve-turkiye","category-yerel","tag-buseyna-saban","tag-cinin-suriye-ozel-temsilcisi-xie-xiaoyan","tag-turkiye-bmgk-kararina-uymadi"],"_links":{"self":[{"href":"https:\/\/archive.sana.sy\/tr\/index.php?rest_route=\/wp\/v2\/posts\/70096","targetHints":{"allow":["GET"]}}],"collection":[{"href":"https:\/\/archive.sana.sy\/tr\/index.php?rest_route=\/wp\/v2\/posts"}],"about":[{"href":"https:\/\/archive.sana.sy\/tr\/index.php?rest_route=\/wp\/v2\/types\/post"}],"author":[{"embeddable":true,"href":"https:\/\/archive.sana.sy\/tr\/index.php?rest_route=\/wp\/v2\/users\/1"}],"replies":[{"embeddable":true,"href":"https:\/\/archive.sana.sy\/tr\/index.php?rest_route=%2Fwp%2Fv2%2Fcomments&post=70096"}],"version-history":[{"count":0,"href":"https:\/\/archive.sana.sy\/tr\/index.php?rest_route=\/wp\/v2\/posts\/70096\/revisions"}],"wp:featuredmedia":[{"embeddable":true,"href":"https:\/\/archive.sana.sy\/tr\/index.php?rest_route=\/wp\/v2\/media\/70100"}],"wp:attachment":[{"href":"https:\/\/archive.sana.sy\/tr\/index.php?rest_route=%2Fwp%2Fv2%2Fmedia&parent=70096"}],"wp:term":[{"taxonomy":"category","embeddable":true,"href":"https:\/\/archive.sana.sy\/tr\/index.php?rest_route=%2Fwp%2Fv2%2Fcategories&post=70096"},{"taxonomy":"post_tag","embeddable":true,"href":"https:\/\/archive.sana.sy\/tr\/index.php?rest_route=%2Fwp%2Fv2%2Ftags&post=70096"}],"curies":[{"name":"wp","href":"https:\/\/api.w.org\/{rel}","templated":true}]}}