{"id":70104,"date":"2016-04-21T15:45:41","date_gmt":"2016-04-21T12:45:41","guid":{"rendered":"http:\/\/sana.sy\/tr\/?p=70104"},"modified":"2016-04-22T16:15:46","modified_gmt":"2016-04-22T13:15:46","slug":"karyeteyn-ahalisi-onarim-calismalarinin-hizlandirilmasini-istedi","status":"publish","type":"post","link":"https:\/\/archive.sana.sy\/tr\/?p=70104","title":{"rendered":"Karyeteyn Ahalisi Onar\u0131m \u00c7al\u0131\u015fmalar\u0131n\u0131n H\u0131zland\u0131r\u0131lmas\u0131n\u0131 \u0130stedi"},"content":{"rendered":"<p>HOMS \u2013 Homs k\u0131rsal\u0131n\u0131n g\u00fcneydo\u011fusunda ordu birliklerimizin I\u015e\u0130D tekfircilerini a\u011f\u0131r hezimete u\u011frat\u0131p kentten yok etmesi ard\u0131ndan evlerine d\u00f6nen Karyeteyn ahalisi; elektrik, telefon, at\u0131k su ve benzeri hizmet \u015febekelerinin en k\u0131sa s\u00fcre i\u00e7inde onar\u0131lmas\u0131n\u0131 talep etti.<\/p>\n<p>Baas Partisi Homs \u0130l Ba\u015fkan\u0131 Suphi Harp ve parti yetkilerinin yan\u0131 s\u0131ra Homs ili milletvekillerinin kentte saha incelemelerinde bulunduklar\u0131 s\u0131rada ahali vatan koruyucular\u0131m\u0131z\u0131n kentlerini ve mallar\u0131n\u0131 I\u015e\u0130D\u2019ten kurtarmas\u0131 ard\u0131ndan, tekfircilerin geri d\u00f6n\u00fc\u015flerini engelleme amac\u0131yla zor ko\u015fullara ra\u011fmen evlerinde kalmay\u0131 tercih ettiklerini ifade ettiler. Ahali ayr\u0131ca altyap\u0131 ve hizmet \u015febekelerini onar\u0131m \u00e7al\u0131\u015fmalar\u0131n\u0131n en k\u0131sa zamanda tamamlanmas\u0131n\u0131 istediler.<\/p>\n<p>Karyeteyn Belediyesi Ba\u015fkan\u0131 Muhammed Dayfullah el Kaid kentte 200 kadar ailenin ikamet etti\u011fini a\u00e7\u0131klarken, \u015febekeleri onarma \u00e7al\u0131\u015fmalar\u0131n\u0131n tamamlanmas\u0131 ard\u0131ndan evlerine d\u00f6nmek i\u00e7in bekleyen y\u00fczlerce ailenin bulundu\u011funu s\u00f6yledi.<\/p>\n","protected":false},"excerpt":{"rendered":"<p>HOMS \u2013 Homs k\u0131rsal\u0131n\u0131n g\u00fcneydo\u011fusunda ordu birliklerimizin I\u015e\u0130D tekfircilerini a\u011f\u0131r hezimete u\u011frat\u0131p kentten yok etmesi ard\u0131ndan evlerine d\u00f6nen Karyeteyn ahalisi; elektrik, telefon, at\u0131k su ve benzeri hizmet \u015febekelerinin en k\u0131sa s\u00fcre i\u00e7inde onar\u0131lmas\u0131n\u0131 talep etti. Baas Partisi Homs \u0130l Ba\u015fkan\u0131 Suphi Harp ve parti yetkilerinin yan\u0131 s\u0131ra Homs ili milletvekillerinin kentte saha incelemelerinde bulunduklar\u0131 s\u0131rada &hellip;<\/p>\n","protected":false},"author":1,"featured_media":70120,"comment_status":"closed","ping_status":"closed","sticky":false,"template":"","format":"standard","meta":{"footnotes":""},"categories":[479,17988,478],"tags":[20665,20663,20664],"class_list":["post-70104","post","type-post","status-publish","format-standard","has-post-thumbnail","","category-haberler-yerel","category-son-haberler","category-yerel","tag-el-kaid-kentte-200-kadar-ailenin-ikamet-etti","tag-karyeteyn-ahalisi-onarim-calismalarinin-hizlandirilmasini-istedi","tag-karyeteyn-belediyesi-baskani-muhammed-dayfullah"],"_links":{"self":[{"href":"https:\/\/archive.sana.sy\/tr\/index.php?rest_route=\/wp\/v2\/posts\/70104","targetHints":{"allow":["GET"]}}],"collection":[{"href":"https:\/\/archive.sana.sy\/tr\/index.php?rest_route=\/wp\/v2\/posts"}],"about":[{"href":"https:\/\/archive.sana.sy\/tr\/index.php?rest_route=\/wp\/v2\/types\/post"}],"author":[{"embeddable":true,"href":"https:\/\/archive.sana.sy\/tr\/index.php?rest_route=\/wp\/v2\/users\/1"}],"replies":[{"embeddable":true,"href":"https:\/\/archive.sana.sy\/tr\/index.php?rest_route=%2Fwp%2Fv2%2Fcomments&post=70104"}],"version-history":[{"count":0,"href":"https:\/\/archive.sana.sy\/tr\/index.php?rest_route=\/wp\/v2\/posts\/70104\/revisions"}],"wp:featuredmedia":[{"embeddable":true,"href":"https:\/\/archive.sana.sy\/tr\/index.php?rest_route=\/wp\/v2\/media\/70120"}],"wp:attachment":[{"href":"https:\/\/archive.sana.sy\/tr\/index.php?rest_route=%2Fwp%2Fv2%2Fmedia&parent=70104"}],"wp:term":[{"taxonomy":"category","embeddable":true,"href":"https:\/\/archive.sana.sy\/tr\/index.php?rest_route=%2Fwp%2Fv2%2Fcategories&post=70104"},{"taxonomy":"post_tag","embeddable":true,"href":"https:\/\/archive.sana.sy\/tr\/index.php?rest_route=%2Fwp%2Fv2%2Ftags&post=70104"}],"curies":[{"name":"wp","href":"https:\/\/api.w.org\/{rel}","templated":true}]}}