{"id":70148,"date":"2016-04-22T17:22:20","date_gmt":"2016-04-22T14:22:20","guid":{"rendered":"http:\/\/www.sana.sy\/tr\/?p=70148"},"modified":"2016-04-23T15:43:17","modified_gmt":"2016-04-23T12:43:17","slug":"araclari-ve-kumelenme-yerleri-hedef-alinirken-onlarcasi-olduruldu-3","status":"publish","type":"post","link":"https:\/\/archive.sana.sy\/tr\/?p=70148","title":{"rendered":"Ara\u00e7lar\u0131 ve K\u00fcmelenme Yerleri Hedef Al\u0131n\u0131rken Onlarcas\u0131 \u00d6ld\u00fcr\u00fcld\u00fc"},"content":{"rendered":"<p>\u0130LLER \u2013 Yurdun her kar\u0131\u015f topra\u011f\u0131nda tekfirci ve vatan haini ter\u00f6ristlere kar\u015f\u0131 operasyonlar\u0131n\u0131 ba\u015far\u0131yla s\u00fcrd\u00fcren ordu birliklerimiz bug\u00fcn muhtelif b\u00f6lgelerde ter\u00f6ristlerin k\u00fcmelenme yerleri, ara\u00e7lar\u0131 ve cephaneliklerini hedef alarak onlarcas\u0131n\u0131 \u00f6l\u00fc yaral\u0131 d\u00fc\u015f\u00fcrd\u00fc.<\/p>\n<p><span style=\"color: #0000ff\">DEYREZZOR:<\/span><\/p>\n<p>Saha kaynaklar\u0131; ordu birliklerimizin Deyrezzor Kenti Sanayi ve \u0130\u015f\u00e7i semtlerinde I\u015e\u0130D ter\u00f6r \u00f6rg\u00fct\u00fcne tabi siper ve komuta karargahlar\u0131n\u0131 muhtevalar\u0131yla birlikte tamamen imha ettiklerini beyan etti.<\/p>\n<p>Deyrezzor Kentinin kenarlar\u0131nda de ordu birliklerimizin Kessarat B\u00f6lgesi ve Bakceci Mezras\u0131nda I\u015e\u0130D\u2019in toplanma merkezleri ve mevkilerine y\u00f6nelik nitelikli operasyonlar ger\u00e7ekle\u015ftirdiklerini aktaran kaynaklar; tekfircilerin saflar\u0131nda a\u011f\u0131r kay\u0131plara yol a\u00e7t\u0131klar\u0131n\u0131 belirtti.<\/p>\n<p><span style=\"color: #0000ff\">HAMA:<\/span><\/p>\n<p>Di\u011fer yandan askeri bir kaynak; hava g\u00fc\u00e7lerimizden destek alan ordu birliklerimizin Hama k\u0131rsal\u0131 Temania, Skik ve At\u015fan b\u00f6lgelerinde siperlenen ter\u00f6r gruplar\u0131yla \u015fiddetli \u00e7at\u0131\u015fmalara girip Muan y\u00f6n\u00fcnde yerle\u015fim alanlar\u0131na sald\u0131rma giri\u015fimlerini \u00e7\u00f6kerttiklerini ifade etti. Kaynak; \u00e7at\u0131\u015fmalarda At\u015fan B\u00f6lgesinde Nusra Cephesinin komutanlar\u0131ndan \u2018Ebu Musa\u2019 kod ad\u0131yla bilenen bir ter\u00f6r eleba\u015f\u0131n\u0131n aralar\u0131nda bulundu\u011fu 28 ter\u00f6ristin \u00f6ld\u00fcr\u00fcl\u00fcp a\u011f\u0131r makineli silahla donat\u0131lm\u0131\u015f 2 arac\u0131n yan\u0131 s\u0131ra 3 havan rampas\u0131n\u0131n da yok edildi\u011fine dikkat \u00e7ekti.<\/p>\n<p><span style=\"color: #0000ff\">HOMS:<\/span><\/p>\n<p>Homs k\u0131rsal\u0131n\u0131n do\u011fusunda da Tedmur Kentinin kuzeyi ve depolar \u00e7evrelerinde I\u015e\u0130D\u2019in toplanma yerleri ve hareketlenmelerini hedef alan hava g\u00fc\u00e7lerimiz; \u00e7ok say\u0131da ter\u00f6risti \u00f6l\u00fc ve yaral\u0131 d\u00fc\u015f\u00fcrerek bir k\u0131sm\u0131 a\u011f\u0131r makineli silahla donat\u0131lm\u0131\u015f, bir k\u0131sm\u0131 da silah ve m\u00fchimmat ta\u015f\u0131yan ara\u00e7lar\u0131n\u0131 tamamen imha etti.<\/p>\n<p><span style=\"color: #0000ff\">DERA:<\/span><\/p>\n<p>Bu arada askeri kaynak; Dera k\u0131rsal\u0131n\u0131n kuzeydo\u011fusunda S\u00fcveyda il idari s\u0131n\u0131rlar\u0131na d\u00fc\u015fen \u015eeyh H\u00fcseyin Tepesi ve Tlul Hleyif B\u00f6lgesinde ordu birliklerimizin Nusra Cephesine tabi 4 arac\u0131 top ate\u015fiyle hedef ald\u0131klar\u0131n\u0131 a\u00e7\u0131klad\u0131. Kaynak; operasyonlarda buralarda da \u00e7ok say\u0131da ter\u00f6ristin \u00f6ld\u00fcr\u00fcl\u00fcp en az 2 arac\u0131n y\u00fckleriyle birlikte yok edildi\u011fini s\u00f6zlerine ekledi.<\/p>\n<p>\u00dcrd\u00fcn s\u0131n\u0131rlar\u0131na yak\u0131n Dera Beled\u2019te ise ordu birliklerimizin Abbasiye Semti ve Kerk Deposunun do\u011fusunda askeri noktalara sald\u0131rmaya \u00e7al\u0131\u015fan Nusra Cephesinden ter\u00f6r gruplar\u0131yla \u00e7at\u0131\u015fmalara girdiklerini belirten kaynak; bir\u00e7ok ter\u00f6risti \u00f6ld\u00fcr\u00fcp g\u00fcvenli sivil semtleri hedef almada kulland\u0131klar\u0131 havan rampalar\u0131n\u0131n yan\u0131 s\u0131ra ara\u00e7lar\u0131n\u0131n imha edildi\u011fini aktard\u0131.<\/p>\n","protected":false},"excerpt":{"rendered":"<p>\u0130LLER \u2013 Yurdun her kar\u0131\u015f topra\u011f\u0131nda tekfirci ve vatan haini ter\u00f6ristlere kar\u015f\u0131 operasyonlar\u0131n\u0131 ba\u015far\u0131yla s\u00fcrd\u00fcren ordu birliklerimiz bug\u00fcn muhtelif b\u00f6lgelerde ter\u00f6ristlerin k\u00fcmelenme yerleri, ara\u00e7lar\u0131 ve cephaneliklerini hedef alarak onlarcas\u0131n\u0131 \u00f6l\u00fc yaral\u0131 d\u00fc\u015f\u00fcrd\u00fc. DEYREZZOR: Saha kaynaklar\u0131; ordu birliklerimizin Deyrezzor Kenti Sanayi ve \u0130\u015f\u00e7i semtlerinde I\u015e\u0130D ter\u00f6r \u00f6rg\u00fct\u00fcne tabi siper ve komuta karargahlar\u0131n\u0131 muhtevalar\u0131yla birlikte tamamen imha &hellip;<\/p>\n","protected":false},"author":1,"featured_media":70151,"comment_status":"closed","ping_status":"closed","sticky":false,"template":"","format":"standard","meta":{"footnotes":""},"categories":[575,17988],"tags":[],"class_list":["post-70148","post","type-post","status-publish","format-standard","has-post-thumbnail","","category-olaylar-ve-gercekler","category-son-haberler"],"_links":{"self":[{"href":"https:\/\/archive.sana.sy\/tr\/index.php?rest_route=\/wp\/v2\/posts\/70148","targetHints":{"allow":["GET"]}}],"collection":[{"href":"https:\/\/archive.sana.sy\/tr\/index.php?rest_route=\/wp\/v2\/posts"}],"about":[{"href":"https:\/\/archive.sana.sy\/tr\/index.php?rest_route=\/wp\/v2\/types\/post"}],"author":[{"embeddable":true,"href":"https:\/\/archive.sana.sy\/tr\/index.php?rest_route=\/wp\/v2\/users\/1"}],"replies":[{"embeddable":true,"href":"https:\/\/archive.sana.sy\/tr\/index.php?rest_route=%2Fwp%2Fv2%2Fcomments&post=70148"}],"version-history":[{"count":0,"href":"https:\/\/archive.sana.sy\/tr\/index.php?rest_route=\/wp\/v2\/posts\/70148\/revisions"}],"wp:featuredmedia":[{"embeddable":true,"href":"https:\/\/archive.sana.sy\/tr\/index.php?rest_route=\/wp\/v2\/media\/70151"}],"wp:attachment":[{"href":"https:\/\/archive.sana.sy\/tr\/index.php?rest_route=%2Fwp%2Fv2%2Fmedia&parent=70148"}],"wp:term":[{"taxonomy":"category","embeddable":true,"href":"https:\/\/archive.sana.sy\/tr\/index.php?rest_route=%2Fwp%2Fv2%2Fcategories&post=70148"},{"taxonomy":"post_tag","embeddable":true,"href":"https:\/\/archive.sana.sy\/tr\/index.php?rest_route=%2Fwp%2Fv2%2Ftags&post=70148"}],"curies":[{"name":"wp","href":"https:\/\/api.w.org\/{rel}","templated":true}]}}