{"id":70179,"date":"2016-04-22T20:39:47","date_gmt":"2016-04-22T17:39:47","guid":{"rendered":"http:\/\/www.sana.sy\/tr\/?p=70179"},"modified":"2016-04-23T15:33:26","modified_gmt":"2016-04-23T12:33:26","slug":"mikdat-ziyaretin-sonuclari-olumlu-ve-basarili-oldu","status":"publish","type":"post","link":"https:\/\/archive.sana.sy\/tr\/?p=70179","title":{"rendered":"Mikdat: Ziyaretin Sonu\u00e7lar\u0131 Olumlu ve Ba\u015far\u0131l\u0131 Oldu"},"content":{"rendered":"<p>PARG \u2013 D\u0131\u015fi\u015fleri ve Gurbet\u00e7iler Bakan\u0131 Yard\u0131mc\u0131s\u0131 Faysal el Mikdat, \u00c7ek Cumhuriyeti Sanayi Bakan\u0131 Yan Miladik ve Parg Sanayi ve Ta\u015f\u0131mac\u0131l\u0131k Birli\u011fi Y\u00f6netim Kurulu \u00dcyeleri ile bir araya gelerek ikili ili\u015fkileri ve \u00c7ek Cumhuriyetinin Suriye\u2019de yeniden in\u015fa s\u00fcrecindeki \u00e7abalara kat\u0131lma olanaklar\u0131n\u0131n yan\u0131 s\u0131ra iki taraf aras\u0131nda ekonomik ve ticari alanlarda i\u015fbirli\u011fini b\u00fcy\u00fctme olanaklar\u0131n\u0131 inceledi.<\/p>\n<p>G\u00f6r\u00fc\u015fmenin ard\u0131ndan SANA muhabirine k\u0131sa bir r\u00f6portaj veren Mikdat, \u00c7ek Cumhuriyetine d\u00fczenledi\u011fi ziyaretin sonu\u00e7lar\u0131n\u0131 olumlu olarak de\u011ferlendirirken bu ziyaretin iki \u00fclke aras\u0131ndaki i\u015fbirli\u011fi ili\u015fkilerine ve Suriye\u2019de yeniden in\u015fa s\u00fcrecine ciddi bir fayda sa\u011flad\u0131\u011f\u0131n\u0131 belirtti.<\/p>\n<p>Ziyareti kapsam\u0131nda siyasi y\u00f6neticiler, parlamenterler ve iktisat\u00e7\u0131larla yo\u011fun ve ba\u015far\u0131l\u0131 g\u00f6r\u00fc\u015fmelerde bulundu\u011funa i\u015faret eden Mikdat, ter\u00f6re kar\u015f\u0131 m\u00fccadelede \u00c7ekli yetkililerin Suriye ile uyumlu d\u00fc\u015f\u00fcncelere sahip olduklar\u0131na dikkat \u00e7ekti.<\/p>\n<p>G\u00f6r\u00fc\u015ft\u00fc\u011f\u00fc b\u00fct\u00fcn \u00c7ekli yetkililerin Suriye\u2019de g\u00fcvenlik ve istikrar\u0131n yeniden sa\u011flanmas\u0131 temennisini dile getirdi\u011finin alt\u0131n\u0131 \u00e7izen Mikdat; \u00c7ek Cumhuriyetinin, Avrupa taraf\u0131ndan Suriye\u2019ye kar\u015f\u0131 uygulanan yapt\u0131r\u0131mlara hi\u00e7bir \u015fekilde kat\u0131lmad\u0131\u011f\u0131n\u0131 hat\u0131rlatt\u0131.<\/p>\n","protected":false},"excerpt":{"rendered":"<p>PARG \u2013 D\u0131\u015fi\u015fleri ve Gurbet\u00e7iler Bakan\u0131 Yard\u0131mc\u0131s\u0131 Faysal el Mikdat, \u00c7ek Cumhuriyeti Sanayi Bakan\u0131 Yan Miladik ve Parg Sanayi ve Ta\u015f\u0131mac\u0131l\u0131k Birli\u011fi Y\u00f6netim Kurulu \u00dcyeleri ile bir araya gelerek ikili ili\u015fkileri ve \u00c7ek Cumhuriyetinin Suriye\u2019de yeniden in\u015fa s\u00fcrecindeki \u00e7abalara kat\u0131lma olanaklar\u0131n\u0131n yan\u0131 s\u0131ra iki taraf aras\u0131nda ekonomik ve ticari alanlarda i\u015fbirli\u011fini b\u00fcy\u00fctme olanaklar\u0131n\u0131 inceledi. G\u00f6r\u00fc\u015fmenin &hellip;<\/p>\n","protected":false},"author":1,"featured_media":70181,"comment_status":"closed","ping_status":"closed","sticky":false,"template":"","format":"standard","meta":{"footnotes":""},"categories":[458,459,17988],"tags":[20672,17666,20673],"class_list":["post-70179","post","type-post","status-publish","format-standard","has-post-thumbnail","","category-dunya1","category-haberler-arap-uluslararasi-politika","category-son-haberler","tag-cek-cumhuriyeti-ziyareti","tag-disisleri-ve-gurbetciler-bakani-yardimcisi-faysal-el-mikdat","tag-suriye-ve-cek-arasindaki-iliskiler"],"_links":{"self":[{"href":"https:\/\/archive.sana.sy\/tr\/index.php?rest_route=\/wp\/v2\/posts\/70179","targetHints":{"allow":["GET"]}}],"collection":[{"href":"https:\/\/archive.sana.sy\/tr\/index.php?rest_route=\/wp\/v2\/posts"}],"about":[{"href":"https:\/\/archive.sana.sy\/tr\/index.php?rest_route=\/wp\/v2\/types\/post"}],"author":[{"embeddable":true,"href":"https:\/\/archive.sana.sy\/tr\/index.php?rest_route=\/wp\/v2\/users\/1"}],"replies":[{"embeddable":true,"href":"https:\/\/archive.sana.sy\/tr\/index.php?rest_route=%2Fwp%2Fv2%2Fcomments&post=70179"}],"version-history":[{"count":0,"href":"https:\/\/archive.sana.sy\/tr\/index.php?rest_route=\/wp\/v2\/posts\/70179\/revisions"}],"wp:featuredmedia":[{"embeddable":true,"href":"https:\/\/archive.sana.sy\/tr\/index.php?rest_route=\/wp\/v2\/media\/70181"}],"wp:attachment":[{"href":"https:\/\/archive.sana.sy\/tr\/index.php?rest_route=%2Fwp%2Fv2%2Fmedia&parent=70179"}],"wp:term":[{"taxonomy":"category","embeddable":true,"href":"https:\/\/archive.sana.sy\/tr\/index.php?rest_route=%2Fwp%2Fv2%2Fcategories&post=70179"},{"taxonomy":"post_tag","embeddable":true,"href":"https:\/\/archive.sana.sy\/tr\/index.php?rest_route=%2Fwp%2Fv2%2Ftags&post=70179"}],"curies":[{"name":"wp","href":"https:\/\/api.w.org\/{rel}","templated":true}]}}