{"id":70180,"date":"2016-04-23T11:55:22","date_gmt":"2016-04-23T08:55:22","guid":{"rendered":"http:\/\/www.sana.sy\/tr\/?p=70180"},"modified":"2016-04-24T19:37:29","modified_gmt":"2016-04-24T16:37:29","slug":"lazkiyede-20-milyar-maliyetinde-projeler-hizmete-giriyor","status":"publish","type":"post","link":"https:\/\/archive.sana.sy\/tr\/?p=70180","title":{"rendered":"Lazkiye\u2019de 20 Milyar Maliyetinde Projeler Hizmete Giriyor"},"content":{"rendered":"<p>LAZK\u0130YE \u2013 Ba\u015fbakan Vail el Halaki bug\u00fcn Lazkiye ilinde kalk\u0131nsal \u00f6nemli bir k\u0131s\u0131m projelerin a\u00e7\u0131l\u0131\u015f\u0131n\u0131 yaparken, bir k\u0131sm\u0131n\u0131n da temel ta\u015f\u0131n\u0131 att\u0131.<\/p>\n<p>Cumhurba\u015fkan\u0131 Be\u015f\u015far el Esad\u2019\u0131n Kurtulu\u015f Bayram\u0131n\u0131n 70. Y\u0131ld\u00f6n\u00fcm\u00fc m\u00fcnasebetiyle bulundu\u011fu y\u00f6nlendirmeler do\u011frultusunda hizmete a\u00e7\u0131lan ve temel ta\u015f\u0131 at\u0131lan projelerin toplam maliyetinin 20 milyar lira oldu\u011fu bildirildi.<\/p>\n<p>Ba\u015fbakan Halaki d\u00fcn ise Tartus \u0130linde yine 12 milyar lira maliyetinde bir dizi hizmetsel ve kalk\u0131nsal projeleri hizmete a\u00e7m\u0131\u015f, bir k\u0131s\u0131m projelerin de temel ta\u015f\u0131n\u0131 atm\u0131\u015ft\u0131. Halaki bir \u00f6nceki g\u00fcn ise \u015eam k\u0131rsal\u0131nda benzer faaliyetlerde bulundu.<\/p>\n","protected":false},"excerpt":{"rendered":"<p>LAZK\u0130YE \u2013 Ba\u015fbakan Vail el Halaki bug\u00fcn Lazkiye ilinde kalk\u0131nsal \u00f6nemli bir k\u0131s\u0131m projelerin a\u00e7\u0131l\u0131\u015f\u0131n\u0131 yaparken, bir k\u0131sm\u0131n\u0131n da temel ta\u015f\u0131n\u0131 att\u0131. Cumhurba\u015fkan\u0131 Be\u015f\u015far el Esad\u2019\u0131n Kurtulu\u015f Bayram\u0131n\u0131n 70. Y\u0131ld\u00f6n\u00fcm\u00fc m\u00fcnasebetiyle bulundu\u011fu y\u00f6nlendirmeler do\u011frultusunda hizmete a\u00e7\u0131lan ve temel ta\u015f\u0131 at\u0131lan projelerin toplam maliyetinin 20 milyar lira oldu\u011fu bildirildi. Ba\u015fbakan Halaki d\u00fcn ise Tartus \u0130linde yine &hellip;<\/p>\n","protected":false},"author":1,"featured_media":70183,"comment_status":"closed","ping_status":"closed","sticky":false,"template":"","format":"standard","meta":{"footnotes":""},"categories":[485,486,17988],"tags":[10238,20656,20675,20674,20676],"class_list":["post-70180","post","type-post","status-publish","format-standard","has-post-thumbnail","","category-is-ve-sermaye","category-haberler-is-ve-sermaye","category-son-haberler","tag-basbakan-vail-el-halaki","tag-hizmet-projeleri","tag-hizmete-acildi","tag-kalkinsal-projeler","tag-temel-tasi-atildi"],"_links":{"self":[{"href":"https:\/\/archive.sana.sy\/tr\/index.php?rest_route=\/wp\/v2\/posts\/70180","targetHints":{"allow":["GET"]}}],"collection":[{"href":"https:\/\/archive.sana.sy\/tr\/index.php?rest_route=\/wp\/v2\/posts"}],"about":[{"href":"https:\/\/archive.sana.sy\/tr\/index.php?rest_route=\/wp\/v2\/types\/post"}],"author":[{"embeddable":true,"href":"https:\/\/archive.sana.sy\/tr\/index.php?rest_route=\/wp\/v2\/users\/1"}],"replies":[{"embeddable":true,"href":"https:\/\/archive.sana.sy\/tr\/index.php?rest_route=%2Fwp%2Fv2%2Fcomments&post=70180"}],"version-history":[{"count":0,"href":"https:\/\/archive.sana.sy\/tr\/index.php?rest_route=\/wp\/v2\/posts\/70180\/revisions"}],"wp:featuredmedia":[{"embeddable":true,"href":"https:\/\/archive.sana.sy\/tr\/index.php?rest_route=\/wp\/v2\/media\/70183"}],"wp:attachment":[{"href":"https:\/\/archive.sana.sy\/tr\/index.php?rest_route=%2Fwp%2Fv2%2Fmedia&parent=70180"}],"wp:term":[{"taxonomy":"category","embeddable":true,"href":"https:\/\/archive.sana.sy\/tr\/index.php?rest_route=%2Fwp%2Fv2%2Fcategories&post=70180"},{"taxonomy":"post_tag","embeddable":true,"href":"https:\/\/archive.sana.sy\/tr\/index.php?rest_route=%2Fwp%2Fv2%2Ftags&post=70180"}],"curies":[{"name":"wp","href":"https:\/\/api.w.org\/{rel}","templated":true}]}}