{"id":70185,"date":"2016-04-23T09:55:32","date_gmt":"2016-04-23T06:55:32","guid":{"rendered":"http:\/\/www.sana.sy\/tr\/?p=70185"},"modified":"2016-04-23T11:55:54","modified_gmt":"2016-04-23T08:55:54","slug":"basbakan-vail-el-halaki-bugun-lazkiye-ilinde-kalkinsal-onemli-bir-kisim-projelerin-acilisini-yaparken-bir-kisminin-da-temel-tasini-atti","status":"publish","type":"post","link":"https:\/\/archive.sana.sy\/tr\/?p=70185","title":{"rendered":"Ba\u015fbakan Vail el Halaki bug\u00fcn Lazkiye ilinde kalk\u0131nsal \u00f6nemli bir k\u0131s\u0131m projelerin a\u00e7\u0131l\u0131\u015f\u0131n\u0131 yaparken, bir k\u0131sm\u0131n\u0131n da temel ta\u015f\u0131n\u0131 att\u0131"},"content":{"rendered":"<p>Ba\u015fbakan Vail el Halaki bug\u00fcn Lazkiye ilinde kalk\u0131nsal \u00f6nemli bir k\u0131s\u0131m projelerin a\u00e7\u0131l\u0131\u015f\u0131n\u0131 yaparken, bir k\u0131sm\u0131n\u0131n da temel ta\u015f\u0131n\u0131 att\u0131<\/p>\n","protected":false},"excerpt":{"rendered":"<p>Ba\u015fbakan Vail el Halaki bug\u00fcn Lazkiye ilinde kalk\u0131nsal \u00f6nemli bir k\u0131s\u0131m projelerin a\u00e7\u0131l\u0131\u015f\u0131n\u0131 yaparken, bir k\u0131sm\u0131n\u0131n da temel ta\u015f\u0131n\u0131 att\u0131<\/p>\n","protected":false},"author":1,"featured_media":0,"comment_status":"closed","ping_status":"closed","sticky":false,"template":"","format":"standard","meta":{"footnotes":""},"categories":[17991],"tags":[],"class_list":["post-70185","post","type-post","status-publish","format-standard","","category-son-dakika"],"_links":{"self":[{"href":"https:\/\/archive.sana.sy\/tr\/index.php?rest_route=\/wp\/v2\/posts\/70185","targetHints":{"allow":["GET"]}}],"collection":[{"href":"https:\/\/archive.sana.sy\/tr\/index.php?rest_route=\/wp\/v2\/posts"}],"about":[{"href":"https:\/\/archive.sana.sy\/tr\/index.php?rest_route=\/wp\/v2\/types\/post"}],"author":[{"embeddable":true,"href":"https:\/\/archive.sana.sy\/tr\/index.php?rest_route=\/wp\/v2\/users\/1"}],"replies":[{"embeddable":true,"href":"https:\/\/archive.sana.sy\/tr\/index.php?rest_route=%2Fwp%2Fv2%2Fcomments&post=70185"}],"version-history":[{"count":0,"href":"https:\/\/archive.sana.sy\/tr\/index.php?rest_route=\/wp\/v2\/posts\/70185\/revisions"}],"wp:attachment":[{"href":"https:\/\/archive.sana.sy\/tr\/index.php?rest_route=%2Fwp%2Fv2%2Fmedia&parent=70185"}],"wp:term":[{"taxonomy":"category","embeddable":true,"href":"https:\/\/archive.sana.sy\/tr\/index.php?rest_route=%2Fwp%2Fv2%2Fcategories&post=70185"},{"taxonomy":"post_tag","embeddable":true,"href":"https:\/\/archive.sana.sy\/tr\/index.php?rest_route=%2Fwp%2Fv2%2Ftags&post=70185"}],"curies":[{"name":"wp","href":"https:\/\/api.w.org\/{rel}","templated":true}]}}