{"id":70186,"date":"2016-04-23T09:30:39","date_gmt":"2016-04-23T06:30:39","guid":{"rendered":"http:\/\/www.sana.sy\/tr\/?p=70186"},"modified":"2016-04-24T15:44:01","modified_gmt":"2016-04-24T12:44:01","slug":"eski-isyerlerinde-yangin-cikti","status":"publish","type":"post","link":"https:\/\/archive.sana.sy\/tr\/?p=70186","title":{"rendered":"Eski \u0130\u015fyerlerinde Yang\u0131n \u00c7\u0131kt\u0131 (video)"},"content":{"rendered":"<p>\u015eAM \u2013 \u015eam\u2019\u0131n eski semtlerinden Asruniye B\u00f6lgesinde bug\u00fcn Antik \u015eam Kalesi yak\u0131nlar\u0131nda bulunan eski i\u015fyerlerinde b\u00fcy\u00fck bir yang\u0131n meydana \u00e7\u0131kt\u0131.<\/p>\n<p>\u015eam\u2019da Sivil Savunma M\u00fcd\u00fcr\u00fc Cihat Musa, yang\u0131n\u0131n elektrik konta\u011f\u0131 nedeniyle meydana geldi\u011fini belirtti. Musa sivil savunma g\u00fc\u00e7leri ve itfaiye ekiplerinin yo\u011fun \u00e7abalar\u0131 sonucunda yang\u0131n\u0131n tamamen s\u00f6nd\u00fcr\u00fcld\u00fc\u011f\u00fcn\u00fc a\u00e7\u0131klad\u0131.<\/p>\n<p>https:\/\/www.youtube.com\/watch?v=CJLhjnG9Okk<\/p>\n<p>https:\/\/www.youtube.com\/watch?v=R577j5GvIQE<\/p>\n","protected":false},"excerpt":{"rendered":"<p>\u015eAM \u2013 \u015eam\u2019\u0131n eski semtlerinden Asruniye B\u00f6lgesinde bug\u00fcn Antik \u015eam Kalesi yak\u0131nlar\u0131nda bulunan eski i\u015fyerlerinde b\u00fcy\u00fck bir yang\u0131n meydana \u00e7\u0131kt\u0131. \u015eam\u2019da Sivil Savunma M\u00fcd\u00fcr\u00fc Cihat Musa, yang\u0131n\u0131n elektrik konta\u011f\u0131 nedeniyle meydana geldi\u011fini belirtti. Musa sivil savunma g\u00fc\u00e7leri ve itfaiye ekiplerinin yo\u011fun \u00e7abalar\u0131 sonucunda yang\u0131n\u0131n tamamen s\u00f6nd\u00fcr\u00fcld\u00fc\u011f\u00fcn\u00fc a\u00e7\u0131klad\u0131. https:\/\/www.youtube.com\/watch?v=CJLhjnG9Okk https:\/\/www.youtube.com\/watch?v=R577j5GvIQE<\/p>\n","protected":false},"author":1,"featured_media":70197,"comment_status":"closed","ping_status":"closed","sticky":false,"template":"","format":"standard","meta":{"footnotes":""},"categories":[479,17988,478],"tags":[20679],"class_list":["post-70186","post","type-post","status-publish","format-standard","has-post-thumbnail","","category-haberler-yerel","category-son-haberler","category-yerel","tag-eski-isyerlerinde-yangin-cikti"],"_links":{"self":[{"href":"https:\/\/archive.sana.sy\/tr\/index.php?rest_route=\/wp\/v2\/posts\/70186","targetHints":{"allow":["GET"]}}],"collection":[{"href":"https:\/\/archive.sana.sy\/tr\/index.php?rest_route=\/wp\/v2\/posts"}],"about":[{"href":"https:\/\/archive.sana.sy\/tr\/index.php?rest_route=\/wp\/v2\/types\/post"}],"author":[{"embeddable":true,"href":"https:\/\/archive.sana.sy\/tr\/index.php?rest_route=\/wp\/v2\/users\/1"}],"replies":[{"embeddable":true,"href":"https:\/\/archive.sana.sy\/tr\/index.php?rest_route=%2Fwp%2Fv2%2Fcomments&post=70186"}],"version-history":[{"count":0,"href":"https:\/\/archive.sana.sy\/tr\/index.php?rest_route=\/wp\/v2\/posts\/70186\/revisions"}],"wp:featuredmedia":[{"embeddable":true,"href":"https:\/\/archive.sana.sy\/tr\/index.php?rest_route=\/wp\/v2\/media\/70197"}],"wp:attachment":[{"href":"https:\/\/archive.sana.sy\/tr\/index.php?rest_route=%2Fwp%2Fv2%2Fmedia&parent=70186"}],"wp:term":[{"taxonomy":"category","embeddable":true,"href":"https:\/\/archive.sana.sy\/tr\/index.php?rest_route=%2Fwp%2Fv2%2Fcategories&post=70186"},{"taxonomy":"post_tag","embeddable":true,"href":"https:\/\/archive.sana.sy\/tr\/index.php?rest_route=%2Fwp%2Fv2%2Ftags&post=70186"}],"curies":[{"name":"wp","href":"https:\/\/api.w.org\/{rel}","templated":true}]}}