{"id":70189,"date":"2016-04-23T10:05:54","date_gmt":"2016-04-23T07:05:54","guid":{"rendered":"http:\/\/www.sana.sy\/tr\/?p=70189"},"modified":"2016-04-23T11:58:37","modified_gmt":"2016-04-23T08:58:37","slug":"rusya-hukumeti-ve-halkindan-suriye-halkina-muhtelif-tur-insani-yardim-tasiyan-rus-ucak-bugun-sabah-saatlerinde-uluslararasi-sam-havaalanina-indi","status":"publish","type":"post","link":"https:\/\/archive.sana.sy\/tr\/?p=70189","title":{"rendered":"Rusya h\u00fck\u00fcmeti ve halk\u0131ndan Suriye halk\u0131na muhtelif t\u00fcr insani yard\u0131m ta\u015f\u0131yan Rus u\u00e7ak bug\u00fcn sabah saatlerinde Uluslararas\u0131 \u015eam Havaalan\u0131na indi"},"content":{"rendered":"<p>Rusya h\u00fck\u00fcmeti ve halk\u0131ndan Suriye halk\u0131na muhtelif t\u00fcr insani yard\u0131m ta\u015f\u0131yan Rus u\u00e7ak bug\u00fcn sabah saatlerinde Uluslararas\u0131 \u015eam Havaalan\u0131na indi<\/p>\n","protected":false},"excerpt":{"rendered":"<p>Rusya h\u00fck\u00fcmeti ve halk\u0131ndan Suriye halk\u0131na muhtelif t\u00fcr insani yard\u0131m ta\u015f\u0131yan Rus u\u00e7ak bug\u00fcn sabah saatlerinde Uluslararas\u0131 \u015eam Havaalan\u0131na indi<\/p>\n","protected":false},"author":1,"featured_media":0,"comment_status":"closed","ping_status":"closed","sticky":false,"template":"","format":"standard","meta":{"footnotes":""},"categories":[17991],"tags":[],"class_list":["post-70189","post","type-post","status-publish","format-standard","","category-son-dakika"],"_links":{"self":[{"href":"https:\/\/archive.sana.sy\/tr\/index.php?rest_route=\/wp\/v2\/posts\/70189","targetHints":{"allow":["GET"]}}],"collection":[{"href":"https:\/\/archive.sana.sy\/tr\/index.php?rest_route=\/wp\/v2\/posts"}],"about":[{"href":"https:\/\/archive.sana.sy\/tr\/index.php?rest_route=\/wp\/v2\/types\/post"}],"author":[{"embeddable":true,"href":"https:\/\/archive.sana.sy\/tr\/index.php?rest_route=\/wp\/v2\/users\/1"}],"replies":[{"embeddable":true,"href":"https:\/\/archive.sana.sy\/tr\/index.php?rest_route=%2Fwp%2Fv2%2Fcomments&post=70189"}],"version-history":[{"count":0,"href":"https:\/\/archive.sana.sy\/tr\/index.php?rest_route=\/wp\/v2\/posts\/70189\/revisions"}],"wp:attachment":[{"href":"https:\/\/archive.sana.sy\/tr\/index.php?rest_route=%2Fwp%2Fv2%2Fmedia&parent=70189"}],"wp:term":[{"taxonomy":"category","embeddable":true,"href":"https:\/\/archive.sana.sy\/tr\/index.php?rest_route=%2Fwp%2Fv2%2Fcategories&post=70189"},{"taxonomy":"post_tag","embeddable":true,"href":"https:\/\/archive.sana.sy\/tr\/index.php?rest_route=%2Fwp%2Fv2%2Ftags&post=70189"}],"curies":[{"name":"wp","href":"https:\/\/api.w.org\/{rel}","templated":true}]}}