{"id":70201,"date":"2016-04-23T13:04:53","date_gmt":"2016-04-23T10:04:53","guid":{"rendered":"http:\/\/www.sana.sy\/tr\/?p=70201"},"modified":"2016-04-23T13:04:53","modified_gmt":"2016-04-23T10:04:53","slug":"sana-muhabiri-teroristlerin-bugun-sam-kirsalinda-vafidin-yerlesim-kampini-gelisiguzel-fuzelerle-hedef-almalari-sonucunda-bir-cocugun-sehit-bir-kadinin-da-yarali-dustuklerini-aktardi","status":"publish","type":"post","link":"https:\/\/archive.sana.sy\/tr\/?p=70201","title":{"rendered":"SANA muhabiri ter\u00f6ristlerin bug\u00fcn \u015eam k\u0131rsal\u0131nda Vafidin Yerle\u015fim Kamp\u0131n\u0131 geli\u015fig\u00fczel f\u00fczelerle hedef almalar\u0131 sonucunda bir \u00e7ocu\u011fun \u015fehit, bir kad\u0131n\u0131n da yaral\u0131 d\u00fc\u015ft\u00fcklerini aktard\u0131"},"content":{"rendered":"<p>SANA muhabiri ter\u00f6ristlerin bug\u00fcn \u015eam k\u0131rsal\u0131nda Vafidin Yerle\u015fim Kamp\u0131n\u0131 geli\u015fig\u00fczel f\u00fczelerle hedef almalar\u0131 sonucunda bir \u00e7ocu\u011fun \u015fehit, bir kad\u0131n\u0131n da yaral\u0131 d\u00fc\u015ft\u00fcklerini aktard\u0131<\/p>\n","protected":false},"excerpt":{"rendered":"<p>SANA muhabiri ter\u00f6ristlerin bug\u00fcn \u015eam k\u0131rsal\u0131nda Vafidin Yerle\u015fim Kamp\u0131n\u0131 geli\u015fig\u00fczel f\u00fczelerle hedef almalar\u0131 sonucunda bir \u00e7ocu\u011fun \u015fehit, bir kad\u0131n\u0131n da yaral\u0131 d\u00fc\u015ft\u00fcklerini aktard\u0131<\/p>\n","protected":false},"author":1,"featured_media":0,"comment_status":"closed","ping_status":"closed","sticky":false,"template":"","format":"standard","meta":{"footnotes":""},"categories":[17991],"tags":[],"class_list":["post-70201","post","type-post","status-publish","format-standard","","category-son-dakika"],"_links":{"self":[{"href":"https:\/\/archive.sana.sy\/tr\/index.php?rest_route=\/wp\/v2\/posts\/70201","targetHints":{"allow":["GET"]}}],"collection":[{"href":"https:\/\/archive.sana.sy\/tr\/index.php?rest_route=\/wp\/v2\/posts"}],"about":[{"href":"https:\/\/archive.sana.sy\/tr\/index.php?rest_route=\/wp\/v2\/types\/post"}],"author":[{"embeddable":true,"href":"https:\/\/archive.sana.sy\/tr\/index.php?rest_route=\/wp\/v2\/users\/1"}],"replies":[{"embeddable":true,"href":"https:\/\/archive.sana.sy\/tr\/index.php?rest_route=%2Fwp%2Fv2%2Fcomments&post=70201"}],"version-history":[{"count":0,"href":"https:\/\/archive.sana.sy\/tr\/index.php?rest_route=\/wp\/v2\/posts\/70201\/revisions"}],"wp:attachment":[{"href":"https:\/\/archive.sana.sy\/tr\/index.php?rest_route=%2Fwp%2Fv2%2Fmedia&parent=70201"}],"wp:term":[{"taxonomy":"category","embeddable":true,"href":"https:\/\/archive.sana.sy\/tr\/index.php?rest_route=%2Fwp%2Fv2%2Fcategories&post=70201"},{"taxonomy":"post_tag","embeddable":true,"href":"https:\/\/archive.sana.sy\/tr\/index.php?rest_route=%2Fwp%2Fv2%2Ftags&post=70201"}],"curies":[{"name":"wp","href":"https:\/\/api.w.org\/{rel}","templated":true}]}}