{"id":70203,"date":"2016-04-23T14:09:42","date_gmt":"2016-04-23T11:09:42","guid":{"rendered":"http:\/\/www.sana.sy\/tr\/?p=70203"},"modified":"2016-04-24T15:18:07","modified_gmt":"2016-04-24T12:18:07","slug":"gelisiguzel-saldirilarda-cocuk-sehit-dustu","status":"publish","type":"post","link":"https:\/\/archive.sana.sy\/tr\/?p=70203","title":{"rendered":"Geli\u015fig\u00fczel Sald\u0131r\u0131larda \u00c7ocuk \u015eehit D\u00fc\u015ft\u00fc"},"content":{"rendered":"<p>\u0130LLER \u2013 Erdo\u011fan ve Al Suud rejimlerine tabi ter\u00f6ristler bug\u00fcn de \u00e7at\u0131\u015fmalar\u0131 durdurma anla\u015fmas\u0131na ihlallerde bulunarak Halep, \u015eam k\u0131rsal\u0131 ve daha ba\u015fka b\u00f6lgelerde savunmas\u0131z sivil b\u00f6lgelere geli\u015fig\u00fczel sald\u0131r\u0131larda bulundular.<\/p>\n<p><span style=\"color: #0000ff\">HALEP:<\/span><\/p>\n<p>Halep \u0130l Emniyet M\u00fcd\u00fcrl\u00fc\u011f\u00fcnde yetkili bir kaynak SANA\u2019ya a\u00e7\u0131klamas\u0131nda Halep Kentinin muhtelif b\u00f6lgelerinde sivil insanlar\u0131 canl\u0131 kalkan olarak kullanan Erdo\u011fan \u00e7eteleri ter\u00f6ristlerin kentin sivil yerle\u015fim alanlar\u0131ndan Nil Caddesi ve Mukambo yerle\u015fim alanlar\u0131na geli\u015fig\u00fczel bulunduklar\u0131 f\u00fcze sald\u0131r\u0131lar\u0131nda 8 vatanda\u015f\u0131n yaraland\u0131\u011f\u0131n\u0131 belirtti.<\/p>\n<p>Ak\u015fam saatlerinde SANA\u2019ya a\u00e7\u0131klama yapan kaynak; ter\u00f6ristlerin Halep Kentinin yerle\u015fim alanlar\u0131ndan \u0130zaa ve E\u015frefiye semtlerini yine f\u00fczelerle geli\u015fig\u00fczel hedef almalar\u0131 sonucunda \u0130zaa Semtinde bir kad\u0131n, E\u015frefiye Semtinde de iki vatanda\u015f\u0131n \u015fehit d\u00fc\u015ft\u00fcklerini belirtti.<\/p>\n<p>Kaynak ter\u00f6ristlerin E\u015frefiye, Hamadaniye, \u0130zaa, Zehra ve Mokambo semtlerini hedef alan geli\u015fig\u00fczel sald\u0131r\u0131larda yaral\u0131lar\u0131n toplam say\u0131s\u0131n\u0131n ise 17 vatanda\u015f\u0131 a\u015ft\u0131\u011f\u0131n\u0131 s\u00f6yledi.<\/p>\n<p><span style=\"color: #0000ff\">\u015eAM:<\/span><\/p>\n<p>\u015eam Emniyet M\u00fcd\u00fcrl\u00fc\u011f\u00fcnde yetkili bir kaynak da SANA\u2019ya a\u00e7\u0131klamas\u0131nda Do\u011fu \u011euta\u2019da siperlenen ter\u00f6ristlerin \u00e7at\u0131\u015fmalar\u0131 durdurma anla\u015fmas\u0131na a\u00e7\u0131k bir ihlalle \u015eam\u2019\u0131n sivil yerle\u015fim alanlar\u0131ndan Salihiye Smetini bir, Adevi Semtini de 3 f\u00fczeyle hedef ald\u0131klar\u0131n\u0131, Ticaret Semtinde de sivil yerle\u015fim binalar\u0131n\u0131 a\u011f\u0131r makineli silahlarla tarad\u0131klar\u0131n\u0131 belirtti.<\/p>\n<p>Kaynak sald\u0131r\u0131larda be\u015feri isabetlerin olmad\u0131\u011f\u0131n\u0131, fakat \u00f6zel m\u00fclklerde hasarlar\u0131n olu\u015ftu\u011funu kaydetti.<\/p>\n<p><span style=\"color: #0000ff\">\u015eAM KIRSALI: <\/span><\/p>\n<p>\u015eam \u00c7evre Kent Emniyet M\u00fcd\u00fcrl\u00fc\u011f\u00fcnde de yetkili bir kaynak SANA\u2019ya a\u00e7\u0131klamas\u0131nda Do\u011fu \u011euta\u2019n\u0131n muhtelif b\u00f6lgelerinde konu\u015flanan tekfirci ter\u00f6ristlerin bug\u00fcn Vafidin Yerle\u015fim Kamp\u0131na havan toplar\u0131yla sald\u0131rd\u0131klar\u0131n\u0131 belirtti.<\/p>\n<p>Kaynak korkak geli\u015fig\u00fczel sald\u0131r\u0131da bir \u00e7ocu\u011fun \u015fehit, bir kad\u0131n\u0131n da yaral\u0131 d\u00fc\u015ft\u00fc\u011f\u00fcn\u00fc belirtti.<\/p>\n","protected":false},"excerpt":{"rendered":"<p>\u0130LLER \u2013 Erdo\u011fan ve Al Suud rejimlerine tabi ter\u00f6ristler bug\u00fcn de \u00e7at\u0131\u015fmalar\u0131 durdurma anla\u015fmas\u0131na ihlallerde bulunarak Halep, \u015eam k\u0131rsal\u0131 ve daha ba\u015fka b\u00f6lgelerde savunmas\u0131z sivil b\u00f6lgelere geli\u015fig\u00fczel sald\u0131r\u0131larda bulundular. HALEP: Halep \u0130l Emniyet M\u00fcd\u00fcrl\u00fc\u011f\u00fcnde yetkili bir kaynak SANA\u2019ya a\u00e7\u0131klamas\u0131nda Halep Kentinin muhtelif b\u00f6lgelerinde sivil insanlar\u0131 canl\u0131 kalkan olarak kullanan Erdo\u011fan \u00e7eteleri ter\u00f6ristlerin kentin sivil yerle\u015fim &hellip;<\/p>\n","protected":false},"author":1,"featured_media":68314,"comment_status":"closed","ping_status":"closed","sticky":false,"template":"","format":"standard","meta":{"footnotes":""},"categories":[479,575,17988,478],"tags":[18237,20681,17274,20680,17273,20076,18674,18174],"class_list":["post-70203","post","type-post","status-publish","format-standard","has-post-thumbnail","","category-haberler-yerel","category-olaylar-ve-gercekler","category-son-haberler","category-yerel","tag-cihatcilar","tag-cocuk-ve-kadinlar-oldu","tag-fuze-saldirisi","tag-gelisiguzel-saldiri","tag-havan-saldirisi","tag-mucahitler","tag-silahli-muhalifler","tag-sivillere-saldiri"],"_links":{"self":[{"href":"https:\/\/archive.sana.sy\/tr\/index.php?rest_route=\/wp\/v2\/posts\/70203","targetHints":{"allow":["GET"]}}],"collection":[{"href":"https:\/\/archive.sana.sy\/tr\/index.php?rest_route=\/wp\/v2\/posts"}],"about":[{"href":"https:\/\/archive.sana.sy\/tr\/index.php?rest_route=\/wp\/v2\/types\/post"}],"author":[{"embeddable":true,"href":"https:\/\/archive.sana.sy\/tr\/index.php?rest_route=\/wp\/v2\/users\/1"}],"replies":[{"embeddable":true,"href":"https:\/\/archive.sana.sy\/tr\/index.php?rest_route=%2Fwp%2Fv2%2Fcomments&post=70203"}],"version-history":[{"count":0,"href":"https:\/\/archive.sana.sy\/tr\/index.php?rest_route=\/wp\/v2\/posts\/70203\/revisions"}],"wp:featuredmedia":[{"embeddable":true,"href":"https:\/\/archive.sana.sy\/tr\/index.php?rest_route=\/wp\/v2\/media\/68314"}],"wp:attachment":[{"href":"https:\/\/archive.sana.sy\/tr\/index.php?rest_route=%2Fwp%2Fv2%2Fmedia&parent=70203"}],"wp:term":[{"taxonomy":"category","embeddable":true,"href":"https:\/\/archive.sana.sy\/tr\/index.php?rest_route=%2Fwp%2Fv2%2Fcategories&post=70203"},{"taxonomy":"post_tag","embeddable":true,"href":"https:\/\/archive.sana.sy\/tr\/index.php?rest_route=%2Fwp%2Fv2%2Ftags&post=70203"}],"curies":[{"name":"wp","href":"https:\/\/api.w.org\/{rel}","templated":true}]}}