{"id":7023,"date":"2014-08-11T17:06:12","date_gmt":"2014-08-11T14:06:12","guid":{"rendered":"http:\/\/www.sana.sy\/tr\/?p=7023"},"modified":"2014-08-11T17:06:12","modified_gmt":"2014-08-11T14:06:12","slug":"silahlariyla-teslim-olan-5-kisinin-kanuni-durumlari-duzeltildi","status":"publish","type":"post","link":"https:\/\/archive.sana.sy\/tr\/?p=7023","title":{"rendered":"Silahlar\u0131yla Teslim Olan 5 Ki\u015finin Kanuni Durumlar\u0131 D\u00fczeltildi"},"content":{"rendered":"<p>\u015eAM KIRSALI \u2013 \u015eam \u00c7evre Kent Emniyet M\u00fcd\u00fcrl\u00fc\u011f\u00fcnde bir kaynak bug\u00fcn \u015eam k\u0131rsal\u0131n\u0131n Beyt Sahm Beldesinde silahlar\u0131yla teslim olan be\u015f ki\u015finin kanuni durumlar\u0131n\u0131n d\u00fczeltilip serbest b\u0131rak\u0131ld\u0131klar\u0131n\u0131 belirtti.<\/p>\n<p>Kaynak b\u00f6lgedeki uzla\u015fma komitelerinin \u00e7abalar\u0131 sonucunda teslim olan s\u00f6z konusu vatanda\u015flar\u0131n serbest b\u0131rak\u0131lmalar\u0131 \u00f6ncesinde yeniden silahl\u0131 eyleme yada ulusal g\u00fcvenli\u011fi tehdit edecek eylemlere kat\u0131lmama taahh\u00fcd\u00fc imzalad\u0131klar\u0131n\u0131 s\u00f6yledi.<\/p>\n","protected":false},"excerpt":{"rendered":"<p>\u015eAM KIRSALI \u2013 \u015eam \u00c7evre Kent Emniyet M\u00fcd\u00fcrl\u00fc\u011f\u00fcnde bir kaynak bug\u00fcn \u015eam k\u0131rsal\u0131n\u0131n Beyt Sahm Beldesinde silahlar\u0131yla teslim olan be\u015f ki\u015finin kanuni durumlar\u0131n\u0131n d\u00fczeltilip serbest b\u0131rak\u0131ld\u0131klar\u0131n\u0131 belirtti. Kaynak b\u00f6lgedeki uzla\u015fma komitelerinin \u00e7abalar\u0131 sonucunda teslim olan s\u00f6z konusu vatanda\u015flar\u0131n serbest b\u0131rak\u0131lmalar\u0131 \u00f6ncesinde yeniden silahl\u0131 eyleme yada ulusal g\u00fcvenli\u011fi tehdit edecek eylemlere kat\u0131lmama taahh\u00fcd\u00fc imzalad\u0131klar\u0131n\u0131 s\u00f6yledi.<\/p>\n","protected":false},"author":1,"featured_media":7024,"comment_status":"closed","ping_status":"closed","sticky":false,"template":"","format":"standard","meta":{"footnotes":""},"categories":[479,575,478],"tags":[1574],"class_list":["post-7023","post","type-post","status-publish","format-standard","has-post-thumbnail","","category-haberler-yerel","category-olaylar-ve-gercekler","category-yerel","tag-silahlariyla-teslim-olan-5-kisinin-kanuni-durumlari-duzeltildi"],"_links":{"self":[{"href":"https:\/\/archive.sana.sy\/tr\/index.php?rest_route=\/wp\/v2\/posts\/7023","targetHints":{"allow":["GET"]}}],"collection":[{"href":"https:\/\/archive.sana.sy\/tr\/index.php?rest_route=\/wp\/v2\/posts"}],"about":[{"href":"https:\/\/archive.sana.sy\/tr\/index.php?rest_route=\/wp\/v2\/types\/post"}],"author":[{"embeddable":true,"href":"https:\/\/archive.sana.sy\/tr\/index.php?rest_route=\/wp\/v2\/users\/1"}],"replies":[{"embeddable":true,"href":"https:\/\/archive.sana.sy\/tr\/index.php?rest_route=%2Fwp%2Fv2%2Fcomments&post=7023"}],"version-history":[{"count":0,"href":"https:\/\/archive.sana.sy\/tr\/index.php?rest_route=\/wp\/v2\/posts\/7023\/revisions"}],"wp:featuredmedia":[{"embeddable":true,"href":"https:\/\/archive.sana.sy\/tr\/index.php?rest_route=\/wp\/v2\/media\/7024"}],"wp:attachment":[{"href":"https:\/\/archive.sana.sy\/tr\/index.php?rest_route=%2Fwp%2Fv2%2Fmedia&parent=7023"}],"wp:term":[{"taxonomy":"category","embeddable":true,"href":"https:\/\/archive.sana.sy\/tr\/index.php?rest_route=%2Fwp%2Fv2%2Fcategories&post=7023"},{"taxonomy":"post_tag","embeddable":true,"href":"https:\/\/archive.sana.sy\/tr\/index.php?rest_route=%2Fwp%2Fv2%2Ftags&post=7023"}],"curies":[{"name":"wp","href":"https:\/\/api.w.org\/{rel}","templated":true}]}}