{"id":70296,"date":"2016-04-24T10:11:33","date_gmt":"2016-04-24T07:11:33","guid":{"rendered":"http:\/\/www.sana.sy\/tr\/?p=70296"},"modified":"2016-04-24T10:11:33","modified_gmt":"2016-04-24T07:11:33","slug":"okuyarak-buyuyen-bir-nesil-aydinlik-bir-gelecek-demektir-2","status":"publish","type":"post","link":"https:\/\/archive.sana.sy\/tr\/?p=70296","title":{"rendered":"Okuyarak B\u00fcy\u00fcyen Bir Nesil Ayd\u0131nl\u0131k Bir Gelecek Demektir"},"content":{"rendered":"<p>K\u00fclt\u00fcr Bakanl\u0131\u011f\u0131, \u015eam\u2019\u0131n Te\u015frin Park\u0131nda, D\u00fcnya Kitap G\u00fcn\u00fc m\u00fcnasebetiyle Suriye Macera Ad\u0131mlar\u0131 Kul\u00fcb\u00fc ile i\u015fbirli\u011fi i\u00e7erisinde \u201cOkuma Maratonu\u201d ba\u015fl\u0131\u011f\u0131 alt\u0131da bir faaliyet d\u00fczenledi<\/p>\n<p>https:\/\/youtu.be\/_QK0cnfPQH0<\/p>\n<p>R.H.<\/p>\n","protected":false},"excerpt":{"rendered":"<p>K\u00fclt\u00fcr Bakanl\u0131\u011f\u0131, \u015eam\u2019\u0131n Te\u015frin Park\u0131nda, D\u00fcnya Kitap G\u00fcn\u00fc m\u00fcnasebetiyle Suriye Macera Ad\u0131mlar\u0131 Kul\u00fcb\u00fc ile i\u015fbirli\u011fi i\u00e7erisinde \u201cOkuma Maratonu\u201d ba\u015fl\u0131\u011f\u0131 alt\u0131da bir faaliyet d\u00fczenledi https:\/\/youtu.be\/_QK0cnfPQH0 R.H.<\/p>\n","protected":false},"author":1,"featured_media":70297,"comment_status":"closed","ping_status":"closed","sticky":false,"template":"","format":"standard","meta":{"footnotes":""},"categories":[18295],"tags":[20694,20692,20693],"class_list":["post-70296","post","type-post","status-publish","format-standard","has-post-thumbnail","","category-sana-video","tag-dunya-kitap-gunu-munasebetiyle-suriye-macera-adimlari-kulubu-ile-isbirligi-icerisinde-okuma-maratonu-basligi-altida-bir-faaliyet-duzenledi","tag-kultur-bakanligi","tag-samin-tesrin-parkinda"],"_links":{"self":[{"href":"https:\/\/archive.sana.sy\/tr\/index.php?rest_route=\/wp\/v2\/posts\/70296","targetHints":{"allow":["GET"]}}],"collection":[{"href":"https:\/\/archive.sana.sy\/tr\/index.php?rest_route=\/wp\/v2\/posts"}],"about":[{"href":"https:\/\/archive.sana.sy\/tr\/index.php?rest_route=\/wp\/v2\/types\/post"}],"author":[{"embeddable":true,"href":"https:\/\/archive.sana.sy\/tr\/index.php?rest_route=\/wp\/v2\/users\/1"}],"replies":[{"embeddable":true,"href":"https:\/\/archive.sana.sy\/tr\/index.php?rest_route=%2Fwp%2Fv2%2Fcomments&post=70296"}],"version-history":[{"count":0,"href":"https:\/\/archive.sana.sy\/tr\/index.php?rest_route=\/wp\/v2\/posts\/70296\/revisions"}],"wp:featuredmedia":[{"embeddable":true,"href":"https:\/\/archive.sana.sy\/tr\/index.php?rest_route=\/wp\/v2\/media\/70297"}],"wp:attachment":[{"href":"https:\/\/archive.sana.sy\/tr\/index.php?rest_route=%2Fwp%2Fv2%2Fmedia&parent=70296"}],"wp:term":[{"taxonomy":"category","embeddable":true,"href":"https:\/\/archive.sana.sy\/tr\/index.php?rest_route=%2Fwp%2Fv2%2Fcategories&post=70296"},{"taxonomy":"post_tag","embeddable":true,"href":"https:\/\/archive.sana.sy\/tr\/index.php?rest_route=%2Fwp%2Fv2%2Ftags&post=70296"}],"curies":[{"name":"wp","href":"https:\/\/api.w.org\/{rel}","templated":true}]}}