{"id":70347,"date":"2016-04-24T13:50:25","date_gmt":"2016-04-24T10:50:25","guid":{"rendered":"http:\/\/sana.sy\/tr\/?p=70347"},"modified":"2016-04-25T15:18:57","modified_gmt":"2016-04-25T12:18:57","slug":"sivil-bolgelere-gelisiguzel-fuze-saldirilarinda-yine-sehit-var","status":"publish","type":"post","link":"https:\/\/archive.sana.sy\/tr\/?p=70347","title":{"rendered":"Sivil B\u00f6lgelere Geli\u015fig\u00fczel F\u00fcze Sald\u0131r\u0131lar\u0131nda Yine \u015eehit Var"},"content":{"rendered":"<p>HAMA \u2013 Kaide \u00d6rg\u00fct\u00fcn\u00fcn Suriye kolu Nusra Cephesinin yan\u0131 s\u0131ra Erdo\u011fan ve Al Suud rejimlerine tabi olarak cephenin \u00e7at\u0131s\u0131 alt\u0131nda faaliyet g\u00f6steren ter\u00f6ristler muhtelif il ve b\u00f6lgelerde sivil yerle\u015fim alanlar\u0131na geli\u015fig\u00fczel f\u00fcze ve havan sald\u0131r\u0131lar\u0131n\u0131 s\u00fcrd\u00fcrd\u00fc.<\/p>\n<p><span style=\"color: #0000ff\">HAMA:<\/span><\/p>\n<p>Hama \u0130l Emniyet M\u00fcd\u00fcrl\u00fc\u011f\u00fcnde yetkili bir kaynak SANA\u2019ya a\u00e7\u0131klamas\u0131nda Erdo\u011fan ve Al Suud \u00e7etelerinin Hama \u0130line tabi Skaylbiye Kentinde sivil yerle\u015fim alanlar\u0131n\u0131 15 f\u00fczeyle geli\u015fig\u00fczel olarak hedef ald\u0131klar\u0131n\u0131 belirtti.<\/p>\n<p>Kaynak geli\u015fig\u00fczel f\u00fcze sald\u0131r\u0131lar\u0131nda 1 vatanda\u015f\u0131n \u015fehit, 4 vatanda\u015f\u0131n da yaral\u0131 d\u00fc\u015ft\u00fcklerini aktar\u0131rken, ev ve di\u011fer \u00f6zel m\u00fclklerde b\u00fcy\u00fck hasarlar\u0131n olu\u015ftu\u011funu s\u00f6zlerine ekledi.<\/p>\n<p><span style=\"color: #0000ff\">HALEP:<\/span><\/p>\n<p>Halep \u0130l Emniyet M\u00fcd\u00fcrl\u00fc\u011f\u00fcnde bir kaynak ise ayn\u0131 taraflara tabi olan s\u00f6z konusu ter\u00f6r \u00f6rg\u00fctlerden ter\u00f6ristlerin Beni Zeyd Semtinden Nil Caddesi Semtini bu sabah yeniden f\u00fczelerle hedef ald\u0131klar\u0131n\u0131 s\u00f6yledi. Kaynak korkak sald\u0131r\u0131larda bir ev tamamen y\u0131k\u0131l\u0131rken i\u00e7inde bulunan bir kad\u0131n\u0131n \u015fehit, 6 vatanda\u015f\u0131n da yaral\u0131 d\u00fc\u015ft\u00fcklerini s\u00f6zlerine ekledi.<\/p>\n<p>Ter\u00f6ristlerin Hamadaniye Semtini de iki f\u00fczeyle hedef ald\u0131klar\u0131n\u0131 s\u00f6yleyen kaynak; burada \u00f6zel ve kamu m\u00fclklerde maddi hasar\u0131n oldu\u011funu, be\u015feri isabetlerin olmad\u0131\u011f\u0131n\u0131 aktard\u0131.<\/p>\n<p>R.H.<\/p>\n","protected":false},"excerpt":{"rendered":"<p>HAMA \u2013 Kaide \u00d6rg\u00fct\u00fcn\u00fcn Suriye kolu Nusra Cephesinin yan\u0131 s\u0131ra Erdo\u011fan ve Al Suud rejimlerine tabi olarak cephenin \u00e7at\u0131s\u0131 alt\u0131nda faaliyet g\u00f6steren ter\u00f6ristler muhtelif il ve b\u00f6lgelerde sivil yerle\u015fim alanlar\u0131na geli\u015fig\u00fczel f\u00fcze ve havan sald\u0131r\u0131lar\u0131n\u0131 s\u00fcrd\u00fcrd\u00fc. HAMA: Hama \u0130l Emniyet M\u00fcd\u00fcrl\u00fc\u011f\u00fcnde yetkili bir kaynak SANA\u2019ya a\u00e7\u0131klamas\u0131nda Erdo\u011fan ve Al Suud \u00e7etelerinin Hama \u0130line tabi Skaylbiye &hellip;<\/p>\n","protected":false},"author":1,"featured_media":70359,"comment_status":"closed","ping_status":"closed","sticky":false,"template":"","format":"standard","meta":{"footnotes":""},"categories":[575,17988],"tags":[20704],"class_list":["post-70347","post","type-post","status-publish","format-standard","has-post-thumbnail","","category-olaylar-ve-gercekler","category-son-haberler","tag-sivil-bolgelere-gelisiguzel-fuze-saldirilarinda-yine-sehit-var"],"_links":{"self":[{"href":"https:\/\/archive.sana.sy\/tr\/index.php?rest_route=\/wp\/v2\/posts\/70347","targetHints":{"allow":["GET"]}}],"collection":[{"href":"https:\/\/archive.sana.sy\/tr\/index.php?rest_route=\/wp\/v2\/posts"}],"about":[{"href":"https:\/\/archive.sana.sy\/tr\/index.php?rest_route=\/wp\/v2\/types\/post"}],"author":[{"embeddable":true,"href":"https:\/\/archive.sana.sy\/tr\/index.php?rest_route=\/wp\/v2\/users\/1"}],"replies":[{"embeddable":true,"href":"https:\/\/archive.sana.sy\/tr\/index.php?rest_route=%2Fwp%2Fv2%2Fcomments&post=70347"}],"version-history":[{"count":0,"href":"https:\/\/archive.sana.sy\/tr\/index.php?rest_route=\/wp\/v2\/posts\/70347\/revisions"}],"wp:featuredmedia":[{"embeddable":true,"href":"https:\/\/archive.sana.sy\/tr\/index.php?rest_route=\/wp\/v2\/media\/70359"}],"wp:attachment":[{"href":"https:\/\/archive.sana.sy\/tr\/index.php?rest_route=%2Fwp%2Fv2%2Fmedia&parent=70347"}],"wp:term":[{"taxonomy":"category","embeddable":true,"href":"https:\/\/archive.sana.sy\/tr\/index.php?rest_route=%2Fwp%2Fv2%2Fcategories&post=70347"},{"taxonomy":"post_tag","embeddable":true,"href":"https:\/\/archive.sana.sy\/tr\/index.php?rest_route=%2Fwp%2Fv2%2Ftags&post=70347"}],"curies":[{"name":"wp","href":"https:\/\/api.w.org\/{rel}","templated":true}]}}