{"id":70370,"date":"2016-04-24T20:39:43","date_gmt":"2016-04-24T17:39:43","guid":{"rendered":"http:\/\/sana.sy\/tr\/?p=70370"},"modified":"2016-04-25T15:30:02","modified_gmt":"2016-04-25T12:30:02","slug":"isid-ve-nusra-cephesinden-onlarca-terorist-olduruldu","status":"publish","type":"post","link":"https:\/\/archive.sana.sy\/tr\/?p=70370","title":{"rendered":"I\u015e\u0130D ve Nusra Cephesinden Onlarca Ter\u00f6rist \u00d6ld\u00fcr\u00fcld\u00fc"},"content":{"rendered":"<p>\u0130LLER \u2013 Ordu birliklerimiz d\u0131\u015f g\u00fc\u00e7lerin destek ve provokasyonuyla askeri ve sivil mevkilere sald\u0131rmaya \u00e7al\u0131\u015fan ter\u00f6ristlere kar\u015f\u0131 koyarken, bu \u00e7eteleri say\u0131 ve ekipmanlar\u0131yla a\u011f\u0131r kay\u0131plara u\u011fratmaya devam ediyor.<\/p>\n<p><span style=\"color: #0000ff\">DERA:<\/span><\/p>\n<p>Askeri kaynak SANA\u2019ya a\u00e7\u0131klamas\u0131nda ordu birliklerimizin Dera Mahatta B\u00f6lgesinde \u0130srail&#8217;den destek alan Kaide \u00d6rg\u00fct\u00fcn\u00fcn Suriye kolu Nusra Cephesinin bir ana komuta karargah\u0131 ve bir top rampas\u0131n\u0131 ihtiva ettikleri t\u00fcm ter\u00f6ristlerle birlikte imha ettiklerini belirtti.<\/p>\n<p>Kaynak ordu birliklerimizin \u015eeyh H\u00fcseyin Tepesi ve Hleyf Tepelerinden hareket edip S\u00fcveyda il idari s\u0131n\u0131rlar\u0131na yak\u0131n askeri noktalara sald\u0131r\u0131 giri\u015fiminde bulunan Nusra Cepheli ter\u00f6ristlere kar\u015f\u0131 koyduklar\u0131n\u0131 s\u00f6yledi. Operasyonlarda sald\u0131r\u0131lar\u0131n ba\u015far\u0131yla \u00e7\u00f6kertildi\u011fini belirten kaynak, sald\u0131rganlar\u0131n b\u00fcy\u00fck \u00e7o\u011funlu\u011funun da ara\u00e7 ve cephaneleriyle birlikte etkisizle\u015ftirildi\u011fini belirtti.<\/p>\n<p>\u00dcrd\u00fcn s\u0131n\u0131rlar\u0131na yak\u0131n olmas\u0131yla ter\u00f6ristlerin d\u0131\u015far\u0131dan ald\u0131klar\u0131 deste\u011fin ana karargah\u0131 say\u0131lan Dera Beled B\u00f6lgesinde ise kaynak ordu birliklerimizin Men\u015fiye Semtinde askeri noktalara sald\u0131ran Nusra Cepheli tekfircilerin yine olduk\u00e7a b\u00fcy\u00fck kay\u0131plara u\u011frat\u0131ld\u0131klar\u0131n\u0131 aktard\u0131.<\/p>\n<p><span style=\"color: #0000ff\">HOMS:<\/span><\/p>\n<p>Bu arada Homs k\u0131rsal\u0131n\u0131n do\u011fusunda I\u015e\u0130D\u2019e y\u00f6nelik operasyonlar\u0131n yo\u011fun bir \u015fekilde devam etti\u011fini ifade eden kaynak SANA\u2019ya a\u00e7\u0131klamas\u0131nda; hava g\u00fc\u00e7lerimizin Homs k\u0131rsal\u0131n\u0131n g\u00fcneydo\u011fusu Karyeteyn Kentinin do\u011fusunda I\u015e\u0130D\u2019e ait toplanma yerleri ve ara\u00e7lar\u0131 imha ettiklerini aktard\u0131.<\/p>\n<p>Kaynak Tedmur\u2019un do\u011fusu Erak Yolu \u00fczerinde I\u015e\u0130D\u2019in karargahlar\u0131, toplanma yerleri ve hareketlenmelerinin de ba\u015far\u0131l\u0131 hava operasyonlar\u0131yla hedef al\u0131nd\u0131\u011f\u0131n\u0131 ifade etti.<\/p>\n<p>Operasyonlarda aralar\u0131nda yabanc\u0131 ve tehlikeli isimlerin bulundu\u011fu onlarca tekfircinin \u00f6ld\u00fcr\u00fcld\u00fc\u011f\u00fcn\u00fc belirten kaynak; bir k\u0131sm\u0131 a\u011f\u0131r silahlarla donat\u0131lm\u0131\u015f ara\u00e7lar\u0131n yan\u0131 s\u0131ra b\u00fcy\u00fck miktarda cephanelerinin de imha edildi\u011fini s\u00f6yledi.<\/p>\n<p><span style=\"color: #0000ff\">HAMA:<\/span><\/p>\n<p>Ak\u015fam saatlerinde a\u00e7\u0131klama yapan askeri bir kaynak; ordu birliklerimizin Hama k\u0131rsal\u0131 Kefar Nebbuda Beldesi ve \u00e7evrelerindeki k\u00f6ylerde ter\u00f6ristlerin toplanma yerleri ve mevkilerini yo\u011fun ate\u015fe tutuklar\u0131n\u0131 ifade etti. Kaynak; operasyonlarda Kefar Nebbuda Beldesinin civar\u0131 ve Cabiriye K\u00f6ylerinde ter\u00f6ristlere ait f\u00fcze rampalar\u0131n\u0131n yan\u0131 s\u0131ra havan toplar\u0131n\u0131n da imha edilip \u00e7ok say\u0131da ter\u00f6ristin \u00f6l\u00fc ve yaral\u0131 d\u00fc\u015f\u00fcr\u00fcld\u00fc\u011f\u00fcn\u00fc belirtti.<\/p>\n<p>Hama k\u0131rsal\u0131n\u0131n do\u011fusunda da ordu birliklerimizin Halk Savunma G\u00fc\u00e7leriyle i\u015fbirli\u011fi i\u00e7inde Akarib Beldesinin g\u00fcneyi Petrol Hatt\u0131 B\u00f6lgesinde I\u015e\u0130D\u2019li bir ter\u00f6r grubunu s\u0131k\u0131 bir pusuya d\u00fc\u015f\u00fcrd\u00fcklerini aktaran kaynak; pusuda bir\u00e7ok ter\u00f6risti \u00f6ld\u00fcr\u00fcp a\u011f\u0131r makineli silahla donat\u0131lm\u0131\u015f z\u0131rhl\u0131 bir arac\u0131 da y\u00fck\u00fcyle birlikte tamamen imha ettiklerini s\u00f6yledi.<\/p>\n","protected":false},"excerpt":{"rendered":"<p>\u0130LLER \u2013 Ordu birliklerimiz d\u0131\u015f g\u00fc\u00e7lerin destek ve provokasyonuyla askeri ve sivil mevkilere sald\u0131rmaya \u00e7al\u0131\u015fan ter\u00f6ristlere kar\u015f\u0131 koyarken, bu \u00e7eteleri say\u0131 ve ekipmanlar\u0131yla a\u011f\u0131r kay\u0131plara u\u011fratmaya devam ediyor. DERA: Askeri kaynak SANA\u2019ya a\u00e7\u0131klamas\u0131nda ordu birliklerimizin Dera Mahatta B\u00f6lgesinde \u0130srail&#8217;den destek alan Kaide \u00d6rg\u00fct\u00fcn\u00fcn Suriye kolu Nusra Cephesinin bir ana komuta karargah\u0131 ve bir top rampas\u0131n\u0131 &hellip;<\/p>\n","protected":false},"author":1,"featured_media":70372,"comment_status":"closed","ping_status":"closed","sticky":false,"template":"","format":"standard","meta":{"footnotes":""},"categories":[575,17988],"tags":[],"class_list":["post-70370","post","type-post","status-publish","format-standard","has-post-thumbnail","","category-olaylar-ve-gercekler","category-son-haberler"],"_links":{"self":[{"href":"https:\/\/archive.sana.sy\/tr\/index.php?rest_route=\/wp\/v2\/posts\/70370","targetHints":{"allow":["GET"]}}],"collection":[{"href":"https:\/\/archive.sana.sy\/tr\/index.php?rest_route=\/wp\/v2\/posts"}],"about":[{"href":"https:\/\/archive.sana.sy\/tr\/index.php?rest_route=\/wp\/v2\/types\/post"}],"author":[{"embeddable":true,"href":"https:\/\/archive.sana.sy\/tr\/index.php?rest_route=\/wp\/v2\/users\/1"}],"replies":[{"embeddable":true,"href":"https:\/\/archive.sana.sy\/tr\/index.php?rest_route=%2Fwp%2Fv2%2Fcomments&post=70370"}],"version-history":[{"count":0,"href":"https:\/\/archive.sana.sy\/tr\/index.php?rest_route=\/wp\/v2\/posts\/70370\/revisions"}],"wp:featuredmedia":[{"embeddable":true,"href":"https:\/\/archive.sana.sy\/tr\/index.php?rest_route=\/wp\/v2\/media\/70372"}],"wp:attachment":[{"href":"https:\/\/archive.sana.sy\/tr\/index.php?rest_route=%2Fwp%2Fv2%2Fmedia&parent=70370"}],"wp:term":[{"taxonomy":"category","embeddable":true,"href":"https:\/\/archive.sana.sy\/tr\/index.php?rest_route=%2Fwp%2Fv2%2Fcategories&post=70370"},{"taxonomy":"post_tag","embeddable":true,"href":"https:\/\/archive.sana.sy\/tr\/index.php?rest_route=%2Fwp%2Fv2%2Ftags&post=70370"}],"curies":[{"name":"wp","href":"https:\/\/api.w.org\/{rel}","templated":true}]}}