{"id":70371,"date":"2016-04-24T15:36:21","date_gmt":"2016-04-24T12:36:21","guid":{"rendered":"http:\/\/sana.sy\/tr\/?p=70371"},"modified":"2016-04-25T09:33:42","modified_gmt":"2016-04-25T06:33:42","slug":"icrc-ve-nosstia-ile-cevresel-ortak-calismalar-yapilacak","status":"publish","type":"post","link":"https:\/\/archive.sana.sy\/tr\/?p=70371","title":{"rendered":"ICRC ve NOSSTIA ile \u00c7evresel Ortak \u00c7al\u0131\u015fmalar Yap\u0131lacak"},"content":{"rendered":"<p>\u015eAM \u2013 \u00c7evre \u0130\u015flerinden Sorumlu Devlet Bakan\u0131 Nazire Serkis bug\u00fcn Uluslararas\u0131 K\u0131z\u0131lha\u00e7 Komitesi (ICRC) Suriye Temsilcisi Marianne Gasser ve Gurbet\u00e7i bilim adamlar\u0131 teknisyenler ve yarat\u0131c\u0131lar \u015febekesi NOSSTIA\u2019n\u0131n \u015eam M\u00fcd\u00fcr\u00fc S\u00fclafa Ukeyli ile \u00e7evresel alanlarda ortak \u00e7al\u0131\u015fmalarda bulunma olanaklar\u0131n\u0131 masaya yat\u0131rd\u0131.<\/p>\n<p>Bakan Serkis; ter\u00f6r eylemleri nedeniyle meydana gelen \u00e7evre kirlili\u011finin yan\u0131 s\u0131ra Suriye ve halk\u0131na y\u00f6nelik uygulanan yapt\u0131r\u0131mlar\u0131n yaratt\u0131\u011f\u0131 olumsuz \u00e7evresel etkileri hafifletmede taraflar aras\u0131nda gayet \u00f6nemli i\u015fbirli\u011fi ve ortak \u00e7al\u0131\u015fmalar\u0131n yap\u0131labilece\u011fine dikkat \u00e7ekti. Ter\u00f6r eylemleri nedeniyle yok alan \u00e7evrenin yeniden yap\u0131land\u0131r\u0131lmas\u0131nda ortak \u00e7al\u0131\u015fmalar\u0131n \u00f6nemini ifade eden Serkis; \u00e7ift\u00e7ilerin de topraklar\u0131n\u0131 yeniden tar\u0131ma elveri\u015fli hale getirmelerine yard\u0131mc\u0131 olunabilece\u011fini belirtti. Serkis bu \u00e7al\u0131\u015fmalarda k\u0131rsal alanlarda halk\u0131 \u00e7evresel konularda bilin\u00e7lendirme faaliyetlerinin de olaca\u011f\u0131n\u0131 s\u00f6zlerine ekledi.<\/p>\n<p>G\u00f6r\u00fc\u015fmede Gasser oturumda ele al\u0131nan sunulan \u00f6neri ve d\u00fc\u015f\u00fcncelerin uzmanlarla incelenece\u011fini ifade ederken \u00f6rg\u00fct\u00fcn Suriye&#8217;de \u00e7evresel meselelerde Suriyeli kurumlarla i\u015fbirli\u011finde bulunma arzusunda oldu\u011funu s\u00f6zlerine ekledi.<\/p>\n","protected":false},"excerpt":{"rendered":"<p>\u015eAM \u2013 \u00c7evre \u0130\u015flerinden Sorumlu Devlet Bakan\u0131 Nazire Serkis bug\u00fcn Uluslararas\u0131 K\u0131z\u0131lha\u00e7 Komitesi (ICRC) Suriye Temsilcisi Marianne Gasser ve Gurbet\u00e7i bilim adamlar\u0131 teknisyenler ve yarat\u0131c\u0131lar \u015febekesi NOSSTIA\u2019n\u0131n \u015eam M\u00fcd\u00fcr\u00fc S\u00fclafa Ukeyli ile \u00e7evresel alanlarda ortak \u00e7al\u0131\u015fmalarda bulunma olanaklar\u0131n\u0131 masaya yat\u0131rd\u0131. Bakan Serkis; ter\u00f6r eylemleri nedeniyle meydana gelen \u00e7evre kirlili\u011finin yan\u0131 s\u0131ra Suriye ve halk\u0131na y\u00f6nelik &hellip;<\/p>\n","protected":false},"author":1,"featured_media":70374,"comment_status":"closed","ping_status":"closed","sticky":false,"template":"","format":"standard","meta":{"footnotes":""},"categories":[479,17988,478],"tags":[],"class_list":["post-70371","post","type-post","status-publish","format-standard","has-post-thumbnail","","category-haberler-yerel","category-son-haberler","category-yerel"],"_links":{"self":[{"href":"https:\/\/archive.sana.sy\/tr\/index.php?rest_route=\/wp\/v2\/posts\/70371","targetHints":{"allow":["GET"]}}],"collection":[{"href":"https:\/\/archive.sana.sy\/tr\/index.php?rest_route=\/wp\/v2\/posts"}],"about":[{"href":"https:\/\/archive.sana.sy\/tr\/index.php?rest_route=\/wp\/v2\/types\/post"}],"author":[{"embeddable":true,"href":"https:\/\/archive.sana.sy\/tr\/index.php?rest_route=\/wp\/v2\/users\/1"}],"replies":[{"embeddable":true,"href":"https:\/\/archive.sana.sy\/tr\/index.php?rest_route=%2Fwp%2Fv2%2Fcomments&post=70371"}],"version-history":[{"count":0,"href":"https:\/\/archive.sana.sy\/tr\/index.php?rest_route=\/wp\/v2\/posts\/70371\/revisions"}],"wp:featuredmedia":[{"embeddable":true,"href":"https:\/\/archive.sana.sy\/tr\/index.php?rest_route=\/wp\/v2\/media\/70374"}],"wp:attachment":[{"href":"https:\/\/archive.sana.sy\/tr\/index.php?rest_route=%2Fwp%2Fv2%2Fmedia&parent=70371"}],"wp:term":[{"taxonomy":"category","embeddable":true,"href":"https:\/\/archive.sana.sy\/tr\/index.php?rest_route=%2Fwp%2Fv2%2Fcategories&post=70371"},{"taxonomy":"post_tag","embeddable":true,"href":"https:\/\/archive.sana.sy\/tr\/index.php?rest_route=%2Fwp%2Fv2%2Ftags&post=70371"}],"curies":[{"name":"wp","href":"https:\/\/api.w.org\/{rel}","templated":true}]}}