{"id":70378,"date":"2016-04-24T15:39:47","date_gmt":"2016-04-24T12:39:47","guid":{"rendered":"http:\/\/sana.sy\/tr\/?p=70378"},"modified":"2016-04-25T09:33:32","modified_gmt":"2016-04-25T06:33:32","slug":"kultur-ve-edebiyat-gunleri-basladi","status":"publish","type":"post","link":"https:\/\/archive.sana.sy\/tr\/?p=70378","title":{"rendered":"K\u00fclt\u00fcr ve Edebiyat G\u00fcnleri Ba\u015flad\u0131 (video)"},"content":{"rendered":"<p>\u015eAM \u2013 \u015eam \u00dcniversitesi Edebiyat ve \u0130nsani Bilimler Fak\u00fcltesinin 70. Kurulu\u015f y\u0131ld\u00f6n\u00fcm\u00fc m\u00fcnasebetiyle d\u00fczenledi\u011fi \u2018K\u00fclt\u00fcr ve Edebiyat G\u00fcnleri\u2019 faaliyeti ba\u015flad\u0131.<\/p>\n<p>\u00d6n\u00fcm\u00fczdeki Per\u015fembe g\u00fcn\u00fcne dek devam edecek edebiyat ve k\u00fclt\u00fcrel faaliyetlerde bir dizi siyasi, edebiyat\u00e7\u0131, ayd\u0131n, diplomat ve resmi \u015fahsiyetlerin kat\u0131l\u0131m\u0131yla paneller d\u00fczenlenirken, co\u011frafya, tarih, arkeoloji, miras, harita ve muhtelif k\u00fclt\u00fcrel alanlara \u0131\u015f\u0131k tutan sergi ve fuarlar da yer al\u0131yor. Etkinlik kapsam\u0131nda ayr\u0131ca edebiyat ve k\u00fclt\u00fcr yar\u0131\u015fmalar\u0131 da d\u00fczenleniyor.<\/p>\n<p>1928 y\u0131l\u0131nda Edebiyat Y\u00fcksek Okulu ad\u0131 alt\u0131nda kurulan Edebiyat ve \u0130nsani Bilimler Fak\u00fcltesi, 1931 y\u0131l\u0131nda Frans\u0131z i\u015fgali taraf\u0131ndan kapat\u0131ld\u0131 ve 1946 y\u0131l\u0131nda Frans\u0131z i\u015fgali ve s\u00f6m\u00fcr\u00fcs\u00fcn\u00fcn sona ermesi ard\u0131ndan Edebiyat Fak\u00fcltesi ad\u0131 alt\u0131nda yeniden a\u00e7\u0131ld\u0131.<\/p>\n<div id='gallery-1' class='gallery galleryid-70378 gallery-columns-3 gallery-size-thumbnail'><figure class='gallery-item'>\n\t\t\t<div class='gallery-icon landscape'>\n\t\t\t\t<a href='https:\/\/archive.sana.sy\/tr\/wp-content\/uploads\/2016\/04\/K\u00fclt\u00fcr-1.jpg'><img loading=\"lazy\" decoding=\"async\" width=\"150\" height=\"100\" src=\"https:\/\/archive.sana.sy\/tr\/wp-content\/uploads\/2016\/04\/K\u00fclt\u00fcr-1-150x100.jpg\" class=\"attachment-thumbnail size-thumbnail\" alt=\"\" srcset=\"https:\/\/archive.sana.sy\/tr\/wp-content\/uploads\/2016\/04\/K\u00fclt\u00fcr-1-150x100.jpg 150w, https:\/\/archive.sana.sy\/tr\/wp-content\/uploads\/2016\/04\/K\u00fclt\u00fcr-1-300x200.jpg 300w, https:\/\/archive.sana.sy\/tr\/wp-content\/uploads\/2016\/04\/K\u00fclt\u00fcr-1-768x511.jpg 768w, https:\/\/archive.sana.sy\/tr\/wp-content\/uploads\/2016\/04\/K\u00fclt\u00fcr-1-1024x681.jpg 1024w, https:\/\/archive.sana.sy\/tr\/wp-content\/uploads\/2016\/04\/K\u00fclt\u00fcr-1-310x205.jpg 310w\" sizes=\"auto, (max-width: 150px) 100vw, 150px\" \/><\/a>\n\t\t\t<\/div><\/figure><figure class='gallery-item'>\n\t\t\t<div class='gallery-icon landscape'>\n\t\t\t\t<a href='https:\/\/archive.sana.sy\/tr\/wp-content\/uploads\/2016\/04\/K\u00fclt\u00fcr-2.jpg'><img loading=\"lazy\" decoding=\"async\" width=\"150\" height=\"100\" src=\"https:\/\/archive.sana.sy\/tr\/wp-content\/uploads\/2016\/04\/K\u00fclt\u00fcr-2-150x100.jpg\" class=\"attachment-thumbnail size-thumbnail\" alt=\"\" srcset=\"https:\/\/archive.sana.sy\/tr\/wp-content\/uploads\/2016\/04\/K\u00fclt\u00fcr-2-150x100.jpg 150w, https:\/\/archive.sana.sy\/tr\/wp-content\/uploads\/2016\/04\/K\u00fclt\u00fcr-2-300x200.jpg 300w, https:\/\/archive.sana.sy\/tr\/wp-content\/uploads\/2016\/04\/K\u00fclt\u00fcr-2-768x511.jpg 768w, https:\/\/archive.sana.sy\/tr\/wp-content\/uploads\/2016\/04\/K\u00fclt\u00fcr-2-1024x681.jpg 1024w, https:\/\/archive.sana.sy\/tr\/wp-content\/uploads\/2016\/04\/K\u00fclt\u00fcr-2-310x205.jpg 310w\" sizes=\"auto, (max-width: 150px) 100vw, 150px\" \/><\/a>\n\t\t\t<\/div><\/figure><figure class='gallery-item'>\n\t\t\t<div class='gallery-icon landscape'>\n\t\t\t\t<a href='https:\/\/archive.sana.sy\/tr\/wp-content\/uploads\/2016\/04\/K\u00fclt\u00fcr-3.jpg'><img loading=\"lazy\" decoding=\"async\" width=\"150\" height=\"102\" src=\"https:\/\/archive.sana.sy\/tr\/wp-content\/uploads\/2016\/04\/K\u00fclt\u00fcr-3-150x102.jpg\" class=\"attachment-thumbnail size-thumbnail\" alt=\"\" srcset=\"https:\/\/archive.sana.sy\/tr\/wp-content\/uploads\/2016\/04\/K\u00fclt\u00fcr-3-150x102.jpg 150w, https:\/\/archive.sana.sy\/tr\/wp-content\/uploads\/2016\/04\/K\u00fclt\u00fcr-3-300x205.jpg 300w, https:\/\/archive.sana.sy\/tr\/wp-content\/uploads\/2016\/04\/K\u00fclt\u00fcr-3-768x524.jpg 768w, https:\/\/archive.sana.sy\/tr\/wp-content\/uploads\/2016\/04\/K\u00fclt\u00fcr-3-1024x699.jpg 1024w, https:\/\/archive.sana.sy\/tr\/wp-content\/uploads\/2016\/04\/K\u00fclt\u00fcr-3-110x75.jpg 110w\" sizes=\"auto, (max-width: 150px) 100vw, 150px\" \/><\/a>\n\t\t\t<\/div><\/figure><figure class='gallery-item'>\n\t\t\t<div class='gallery-icon landscape'>\n\t\t\t\t<a href='https:\/\/archive.sana.sy\/tr\/wp-content\/uploads\/2016\/04\/K\u00fclt\u00fcr-4.jpg'><img loading=\"lazy\" decoding=\"async\" width=\"150\" height=\"100\" src=\"https:\/\/archive.sana.sy\/tr\/wp-content\/uploads\/2016\/04\/K\u00fclt\u00fcr-4-150x100.jpg\" class=\"attachment-thumbnail size-thumbnail\" alt=\"\" srcset=\"https:\/\/archive.sana.sy\/tr\/wp-content\/uploads\/2016\/04\/K\u00fclt\u00fcr-4-150x100.jpg 150w, https:\/\/archive.sana.sy\/tr\/wp-content\/uploads\/2016\/04\/K\u00fclt\u00fcr-4-300x200.jpg 300w, https:\/\/archive.sana.sy\/tr\/wp-content\/uploads\/2016\/04\/K\u00fclt\u00fcr-4-768x511.jpg 768w, https:\/\/archive.sana.sy\/tr\/wp-content\/uploads\/2016\/04\/K\u00fclt\u00fcr-4-1024x681.jpg 1024w, https:\/\/archive.sana.sy\/tr\/wp-content\/uploads\/2016\/04\/K\u00fclt\u00fcr-4-310x205.jpg 310w\" sizes=\"auto, (max-width: 150px) 100vw, 150px\" \/><\/a>\n\t\t\t<\/div><\/figure><figure class='gallery-item'>\n\t\t\t<div class='gallery-icon landscape'>\n\t\t\t\t<a href='https:\/\/archive.sana.sy\/tr\/wp-content\/uploads\/2016\/04\/K\u00fclt\u00fcr-5.jpg'><img loading=\"lazy\" decoding=\"async\" width=\"150\" height=\"100\" src=\"https:\/\/archive.sana.sy\/tr\/wp-content\/uploads\/2016\/04\/K\u00fclt\u00fcr-5-150x100.jpg\" class=\"attachment-thumbnail size-thumbnail\" alt=\"\" srcset=\"https:\/\/archive.sana.sy\/tr\/wp-content\/uploads\/2016\/04\/K\u00fclt\u00fcr-5-150x100.jpg 150w, https:\/\/archive.sana.sy\/tr\/wp-content\/uploads\/2016\/04\/K\u00fclt\u00fcr-5-300x200.jpg 300w, https:\/\/archive.sana.sy\/tr\/wp-content\/uploads\/2016\/04\/K\u00fclt\u00fcr-5-768x513.jpg 768w, https:\/\/archive.sana.sy\/tr\/wp-content\/uploads\/2016\/04\/K\u00fclt\u00fcr-5-1024x684.jpg 1024w, https:\/\/archive.sana.sy\/tr\/wp-content\/uploads\/2016\/04\/K\u00fclt\u00fcr-5-310x205.jpg 310w\" sizes=\"auto, (max-width: 150px) 100vw, 150px\" \/><\/a>\n\t\t\t<\/div><\/figure><figure class='gallery-item'>\n\t\t\t<div class='gallery-icon landscape'>\n\t\t\t\t<a href='https:\/\/archive.sana.sy\/tr\/wp-content\/uploads\/2016\/04\/K\u00fclt\u00fcr-6.jpg'><img loading=\"lazy\" decoding=\"async\" width=\"150\" height=\"100\" src=\"https:\/\/archive.sana.sy\/tr\/wp-content\/uploads\/2016\/04\/K\u00fclt\u00fcr-6-150x100.jpg\" class=\"attachment-thumbnail size-thumbnail\" alt=\"\" srcset=\"https:\/\/archive.sana.sy\/tr\/wp-content\/uploads\/2016\/04\/K\u00fclt\u00fcr-6-150x100.jpg 150w, https:\/\/archive.sana.sy\/tr\/wp-content\/uploads\/2016\/04\/K\u00fclt\u00fcr-6-300x200.jpg 300w, https:\/\/archive.sana.sy\/tr\/wp-content\/uploads\/2016\/04\/K\u00fclt\u00fcr-6-768x511.jpg 768w, https:\/\/archive.sana.sy\/tr\/wp-content\/uploads\/2016\/04\/K\u00fclt\u00fcr-6-1024x681.jpg 1024w, https:\/\/archive.sana.sy\/tr\/wp-content\/uploads\/2016\/04\/K\u00fclt\u00fcr-6-310x205.jpg 310w\" sizes=\"auto, (max-width: 150px) 100vw, 150px\" \/><\/a>\n\t\t\t<\/div><\/figure>\n\t\t<\/div>\n\n<p>https:\/\/www.youtube.com\/watch?v=2sUms82Z9Z0<\/p>\n","protected":false},"excerpt":{"rendered":"<p>\u015eAM \u2013 \u015eam \u00dcniversitesi Edebiyat ve \u0130nsani Bilimler Fak\u00fcltesinin 70. Kurulu\u015f y\u0131ld\u00f6n\u00fcm\u00fc m\u00fcnasebetiyle d\u00fczenledi\u011fi \u2018K\u00fclt\u00fcr ve Edebiyat G\u00fcnleri\u2019 faaliyeti ba\u015flad\u0131. \u00d6n\u00fcm\u00fczdeki Per\u015fembe g\u00fcn\u00fcne dek devam edecek edebiyat ve k\u00fclt\u00fcrel faaliyetlerde bir dizi siyasi, edebiyat\u00e7\u0131, ayd\u0131n, diplomat ve resmi \u015fahsiyetlerin kat\u0131l\u0131m\u0131yla paneller d\u00fczenlenirken, co\u011frafya, tarih, arkeoloji, miras, harita ve muhtelif k\u00fclt\u00fcrel alanlara \u0131\u015f\u0131k tutan sergi ve &hellip;<\/p>\n","protected":false},"author":1,"featured_media":70380,"comment_status":"closed","ping_status":"closed","sticky":false,"template":"","format":"standard","meta":{"footnotes":""},"categories":[596,516,479,511,17988,478],"tags":[],"class_list":["post-70378","post","type-post","status-publish","format-standard","has-post-thumbnail","","category-fotografli-raporlar","category-haberler-kultur-ve-sanat","category-haberler-yerel","category-kultur-ve-sanat","category-son-haberler","category-yerel"],"_links":{"self":[{"href":"https:\/\/archive.sana.sy\/tr\/index.php?rest_route=\/wp\/v2\/posts\/70378","targetHints":{"allow":["GET"]}}],"collection":[{"href":"https:\/\/archive.sana.sy\/tr\/index.php?rest_route=\/wp\/v2\/posts"}],"about":[{"href":"https:\/\/archive.sana.sy\/tr\/index.php?rest_route=\/wp\/v2\/types\/post"}],"author":[{"embeddable":true,"href":"https:\/\/archive.sana.sy\/tr\/index.php?rest_route=\/wp\/v2\/users\/1"}],"replies":[{"embeddable":true,"href":"https:\/\/archive.sana.sy\/tr\/index.php?rest_route=%2Fwp%2Fv2%2Fcomments&post=70378"}],"version-history":[{"count":0,"href":"https:\/\/archive.sana.sy\/tr\/index.php?rest_route=\/wp\/v2\/posts\/70378\/revisions"}],"wp:featuredmedia":[{"embeddable":true,"href":"https:\/\/archive.sana.sy\/tr\/index.php?rest_route=\/wp\/v2\/media\/70380"}],"wp:attachment":[{"href":"https:\/\/archive.sana.sy\/tr\/index.php?rest_route=%2Fwp%2Fv2%2Fmedia&parent=70378"}],"wp:term":[{"taxonomy":"category","embeddable":true,"href":"https:\/\/archive.sana.sy\/tr\/index.php?rest_route=%2Fwp%2Fv2%2Fcategories&post=70378"},{"taxonomy":"post_tag","embeddable":true,"href":"https:\/\/archive.sana.sy\/tr\/index.php?rest_route=%2Fwp%2Fv2%2Ftags&post=70378"}],"curies":[{"name":"wp","href":"https:\/\/api.w.org\/{rel}","templated":true}]}}