{"id":70385,"date":"2016-04-24T13:32:56","date_gmt":"2016-04-24T10:32:56","guid":{"rendered":"http:\/\/www.sana.sy\/tr\/?p=70385"},"modified":"2016-04-24T15:42:13","modified_gmt":"2016-04-24T12:42:13","slug":"enformasyon-bakani-omran-el-zoubi-teroristlerin-sivil-bolgelere-gelisiguzel-saldirilarinin-suriye-ordusuna-karsi-basarisizliklariyla-birlikte-kendilerini-destekleyen-devlet-ve-taraflarin-suriye-ve-ha","status":"publish","type":"post","link":"https:\/\/archive.sana.sy\/tr\/?p=70385","title":{"rendered":"Enformasyon bakan\u0131 Omran el Zoubi ter\u00f6ristlerin sivil b\u00f6lgelere geli\u015fig\u00fczel sald\u0131r\u0131lar\u0131n\u0131n; Suriye ordusuna kar\u015f\u0131 ba\u015far\u0131s\u0131zl\u0131klar\u0131yla birlikte kendilerini destekleyen devlet ve taraflar\u0131n Suriye ve halk\u0131n\u0131 hedef alan planlar\u0131n\u0131n \u00e7\u00f6kertilmesiyle i\u00e7ine d\u00fc\u015ft\u00fckleri \u00e7\u0131kmazl\u0131k ve \u00e7\u0131rp\u0131nmay\u0131 yans\u0131tt\u0131\u011f\u0131n\u0131 belirtti"},"content":{"rendered":"<p>Enformasyon bakan\u0131 Omran el Zoubi ter\u00f6ristlerin sivil b\u00f6lgelere geli\u015fig\u00fczel sald\u0131r\u0131lar\u0131n\u0131n; Suriye ordusuna kar\u015f\u0131 ba\u015far\u0131s\u0131zl\u0131klar\u0131yla birlikte kendilerini destekleyen devlet ve taraflar\u0131n Suriye ve halk\u0131n\u0131 hedef alan planlar\u0131n\u0131n \u00e7\u00f6kertilmesiyle i\u00e7ine d\u00fc\u015ft\u00fckleri \u00e7\u0131kmazl\u0131k ve \u00e7\u0131rp\u0131nmay\u0131 yans\u0131tt\u0131\u011f\u0131n\u0131 belirtti<\/p>\n","protected":false},"excerpt":{"rendered":"<p>Enformasyon bakan\u0131 Omran el Zoubi ter\u00f6ristlerin sivil b\u00f6lgelere geli\u015fig\u00fczel sald\u0131r\u0131lar\u0131n\u0131n; Suriye ordusuna kar\u015f\u0131 ba\u015far\u0131s\u0131zl\u0131klar\u0131yla birlikte kendilerini destekleyen devlet ve taraflar\u0131n Suriye ve halk\u0131n\u0131 hedef alan planlar\u0131n\u0131n \u00e7\u00f6kertilmesiyle i\u00e7ine d\u00fc\u015ft\u00fckleri \u00e7\u0131kmazl\u0131k ve \u00e7\u0131rp\u0131nmay\u0131 yans\u0131tt\u0131\u011f\u0131n\u0131 belirtti<\/p>\n","protected":false},"author":1,"featured_media":0,"comment_status":"closed","ping_status":"closed","sticky":false,"template":"","format":"standard","meta":{"footnotes":""},"categories":[17991],"tags":[],"class_list":["post-70385","post","type-post","status-publish","format-standard","","category-son-dakika"],"_links":{"self":[{"href":"https:\/\/archive.sana.sy\/tr\/index.php?rest_route=\/wp\/v2\/posts\/70385","targetHints":{"allow":["GET"]}}],"collection":[{"href":"https:\/\/archive.sana.sy\/tr\/index.php?rest_route=\/wp\/v2\/posts"}],"about":[{"href":"https:\/\/archive.sana.sy\/tr\/index.php?rest_route=\/wp\/v2\/types\/post"}],"author":[{"embeddable":true,"href":"https:\/\/archive.sana.sy\/tr\/index.php?rest_route=\/wp\/v2\/users\/1"}],"replies":[{"embeddable":true,"href":"https:\/\/archive.sana.sy\/tr\/index.php?rest_route=%2Fwp%2Fv2%2Fcomments&post=70385"}],"version-history":[{"count":0,"href":"https:\/\/archive.sana.sy\/tr\/index.php?rest_route=\/wp\/v2\/posts\/70385\/revisions"}],"wp:attachment":[{"href":"https:\/\/archive.sana.sy\/tr\/index.php?rest_route=%2Fwp%2Fv2%2Fmedia&parent=70385"}],"wp:term":[{"taxonomy":"category","embeddable":true,"href":"https:\/\/archive.sana.sy\/tr\/index.php?rest_route=%2Fwp%2Fv2%2Fcategories&post=70385"},{"taxonomy":"post_tag","embeddable":true,"href":"https:\/\/archive.sana.sy\/tr\/index.php?rest_route=%2Fwp%2Fv2%2Ftags&post=70385"}],"curies":[{"name":"wp","href":"https:\/\/api.w.org\/{rel}","templated":true}]}}