{"id":70387,"date":"2016-04-24T19:51:02","date_gmt":"2016-04-24T16:51:02","guid":{"rendered":"http:\/\/sana.sy\/tr\/?p=70387"},"modified":"2016-04-25T13:59:54","modified_gmt":"2016-04-25T10:59:54","slug":"yuksek-yargi-enstitusune-kayit-kosullari-yeniden-duzenleniyor","status":"publish","type":"post","link":"https:\/\/archive.sana.sy\/tr\/?p=70387","title":{"rendered":"Y\u00fcksek Yarg\u0131 Enstit\u00fcs\u00fcne Kay\u0131t Ko\u015fullar\u0131 Yeniden D\u00fczenleniyor"},"content":{"rendered":"<p>\u015eAM \u2013 Cumhurba\u015fkan\u0131 Be\u015f\u015far el Esad Y\u00fcksek Yarg\u0131 Enstit\u00fcs\u00fcne kay\u0131t i\u015flemleri ve ko\u015fullar\u0131n\u0131 d\u00fczenleyen 23 say\u0131l\u0131 kanunun 15 maddesinin d\u00fczeltilmesini \u00f6ng\u00f6ren 2016\/9 say\u0131l\u0131 yasama karar\u0131n\u0131 onaylad\u0131.<\/p>\n<p>Yasama karar\u0131 Adalet Bakanl\u0131\u011f\u0131na tabi enstit\u00fcye kay\u0131t ko\u015fullar\u0131n\u0131n d\u00fczeltilmesiyle yarg\u0131 \u00e7al\u0131\u015fmalar\u0131n\u0131n iyile\u015ftirilmesi ve yarg\u0131 organ\u0131na y\u00fcksek \u00f6zellik ve olanaklara sahip \u015fah\u0131slar atma olana\u011f\u0131 veriyor.<\/p>\n","protected":false},"excerpt":{"rendered":"<p>\u015eAM \u2013 Cumhurba\u015fkan\u0131 Be\u015f\u015far el Esad Y\u00fcksek Yarg\u0131 Enstit\u00fcs\u00fcne kay\u0131t i\u015flemleri ve ko\u015fullar\u0131n\u0131 d\u00fczenleyen 23 say\u0131l\u0131 kanunun 15 maddesinin d\u00fczeltilmesini \u00f6ng\u00f6ren 2016\/9 say\u0131l\u0131 yasama karar\u0131n\u0131 onaylad\u0131. Yasama karar\u0131 Adalet Bakanl\u0131\u011f\u0131na tabi enstit\u00fcye kay\u0131t ko\u015fullar\u0131n\u0131n d\u00fczeltilmesiyle yarg\u0131 \u00e7al\u0131\u015fmalar\u0131n\u0131n iyile\u015ftirilmesi ve yarg\u0131 organ\u0131na y\u00fcksek \u00f6zellik ve olanaklara sahip \u015fah\u0131slar atma olana\u011f\u0131 veriyor.<\/p>\n","protected":false},"author":1,"featured_media":56583,"comment_status":"closed","ping_status":"closed","sticky":false,"template":"","format":"standard","meta":{"footnotes":""},"categories":[479,605,17988,612,599,478],"tags":[],"class_list":["post-70387","post","type-post","status-publish","format-standard","has-post-thumbnail","","category-haberler-yerel","category-sayin-cumhurbaskani","category-son-haberler","category-yasama-kararnameler","category-yasama-ve-kanunlar","category-yerel"],"_links":{"self":[{"href":"https:\/\/archive.sana.sy\/tr\/index.php?rest_route=\/wp\/v2\/posts\/70387","targetHints":{"allow":["GET"]}}],"collection":[{"href":"https:\/\/archive.sana.sy\/tr\/index.php?rest_route=\/wp\/v2\/posts"}],"about":[{"href":"https:\/\/archive.sana.sy\/tr\/index.php?rest_route=\/wp\/v2\/types\/post"}],"author":[{"embeddable":true,"href":"https:\/\/archive.sana.sy\/tr\/index.php?rest_route=\/wp\/v2\/users\/1"}],"replies":[{"embeddable":true,"href":"https:\/\/archive.sana.sy\/tr\/index.php?rest_route=%2Fwp%2Fv2%2Fcomments&post=70387"}],"version-history":[{"count":0,"href":"https:\/\/archive.sana.sy\/tr\/index.php?rest_route=\/wp\/v2\/posts\/70387\/revisions"}],"wp:featuredmedia":[{"embeddable":true,"href":"https:\/\/archive.sana.sy\/tr\/index.php?rest_route=\/wp\/v2\/media\/56583"}],"wp:attachment":[{"href":"https:\/\/archive.sana.sy\/tr\/index.php?rest_route=%2Fwp%2Fv2%2Fmedia&parent=70387"}],"wp:term":[{"taxonomy":"category","embeddable":true,"href":"https:\/\/archive.sana.sy\/tr\/index.php?rest_route=%2Fwp%2Fv2%2Fcategories&post=70387"},{"taxonomy":"post_tag","embeddable":true,"href":"https:\/\/archive.sana.sy\/tr\/index.php?rest_route=%2Fwp%2Fv2%2Ftags&post=70387"}],"curies":[{"name":"wp","href":"https:\/\/api.w.org\/{rel}","templated":true}]}}