{"id":70423,"date":"2016-04-24T19:23:26","date_gmt":"2016-04-24T16:23:26","guid":{"rendered":"http:\/\/sana.sy\/tr\/?p=70423"},"modified":"2016-04-25T09:34:27","modified_gmt":"2016-04-25T06:34:27","slug":"bu-tutumlariyla-teror-ve-kaosun-yayilmasina-yol-aciyorlar","status":"publish","type":"post","link":"https:\/\/archive.sana.sy\/tr\/?p=70423","title":{"rendered":"Bu Tutumlar\u0131yla Ter\u00f6r ve Kaosun Yay\u0131lmas\u0131na Yol A\u00e7\u0131yorlar"},"content":{"rendered":"<p>\u015eAM \u2013 Halk Meclisi Ba\u015fkan\u0131 Muhammed Cihat el Lahham bug\u00fcn Avrupa Bar\u0131\u015f ve \u00d6zg\u00fcrl\u00fck \u0130\u00e7in \u0130ttifak Partisi Ba\u015fkan\u0131 Roberto Fiore ve ona e\u015flik eden parti \u00fcyeleri heyetinin yan\u0131 s\u0131ra Yunan Alt\u0131n \u015eafak Partisi ve Avrupa Parlamenter heyeti kabul etti.<\/p>\n<p>G\u00f6r\u00fc\u015fmede Lahham Avrupal\u0131 kimi devletlerin Suriye&#8217;de ter\u00f6re kar\u015f\u0131 sava\u015f konusunda izledi\u011fi yanl\u0131\u015f politika ve tutumlar\u0131n yan\u0131 s\u0131ra Suriye ve halk\u0131na ekonomik yapt\u0131r\u0131mlar uygulamakla ter\u00f6r ve kaosun yay\u0131lmas\u0131na yol a\u00e7t\u0131klar\u0131n\u0131 ifade etti. Lahham Avrupal\u0131 s\u00f6z konusu devletlerin bu \u015fekilde ayr\u0131ca tan\u0131k olduklar\u0131 m\u00fclteci meselesini de peki\u015ftirdiklerini ve \u00e7\u00f6z\u00fcm\u00fcn zorla\u015ft\u0131rd\u0131klar\u0131n\u0131 ifade etti.<\/p>\n<p>Avrupa devletlerinin ter\u00f6re kar\u015f\u0131 m\u00fccadelede ciddi olmalar\u0131 halinde ter\u00f6r\u00fc destekleyen devletlere kar\u015f\u0131 cayd\u0131r\u0131c\u0131 \u00f6nlemler almalar\u0131 ve ter\u00f6re kar\u015f\u0131 etkin bir \u015fekilde sava\u015fan Suriye h\u00fck\u00fcmeti ile i\u015fbirli\u011finde olmas\u0131 gerekti\u011fini belirten Lahham; insani durumlar\u0131n iyile\u015ftirilmesi i\u00e7in de Suriye ve halk\u0131na uygulad\u0131\u011f\u0131 ekonomik yapt\u0131r\u0131mlar\u0131 kald\u0131rmalar\u0131 gerekti\u011finin alt\u0131n\u0131 \u00e7izdi. Lahham ter\u00f6rle m\u00fccadele iddia edildi\u011fi bir zamanda bu ter\u00f6re destek veya \u00f6rt\u00fcn\u00fcn kabul edilemez oldu\u011fu gibi, ekonomik yapt\u0131r\u0131mlar uyguland\u0131\u011f\u0131 bir zamanda da insani durumlar\u0131 politikle\u015ftirmenin de mant\u0131ks\u0131z oldu\u011funu ifade etti.<\/p>\n<p>M\u00fclteciler meselesinde ise Lahham; Erdo\u011fan rejiminin bu meseleyi Avrupa\u2019ya kar\u015f\u0131 siyasi ve mali a\u00e7\u0131dan kulland\u0131\u011f\u0131n\u0131 belirtti.<\/p>\n<p>Fiore ise g\u00f6r\u00fc\u015fmede Avrupa\u2019da son olarak meydana gelen ter\u00f6r sald\u0131r\u0131lar\u0131n\u0131n Avrupa kamuoyunca ciddi bir uyan\u0131\u015fa yol a\u00e7t\u0131\u011f\u0131n\u0131 ifade ederken Suriye ordusunun ter\u00f6re kar\u015f\u0131 ciddi ve etkin bir sava\u015f verdi\u011finin net bir \u015fekilde anla\u015f\u0131ld\u0131\u011f\u0131n\u0131n da alt\u0131n\u0131 \u00e7izdi.<\/p>\n<p>Partisinin Suriye ve halk\u0131na kar\u015f\u0131 ekonomik yapt\u0131r\u0131mlar\u0131n kald\u0131r\u0131lmas\u0131 \u00e7al\u0131\u015fmalar\u0131nda yeni bir s\u00fcrece girdi\u011fini ifade eden Fiore; Suriye ve b\u00f6lgenin maruz kald\u0131\u011f\u0131 ter\u00f6re kar\u015f\u0131 kamuoyunun ayd\u0131nlat\u0131lmas\u0131nda bir dizi faaliyetlerde bulunduklar\u0131n\u0131 da s\u00f6zlerine ekledi.<\/p>\n<p>Yunan Alt\u0131n \u015eafak Partisi ve Avrupa Parlamento heyeti \u00fcyeleri ise Suriye ve halk\u0131na kar\u015f\u0131 uygulanan ekonomik yapt\u0131r\u0131mlar\u0131n hi\u00e7bir mant\u0131k ya da me\u015frulu\u011fu olmad\u0131\u011f\u0131n\u0131 ifade ederken, bu yapt\u0131r\u0131mlar\u0131n derhal kald\u0131r\u0131lmalar\u0131 gerekti\u011fini vurgulad\u0131.<\/p>\n","protected":false},"excerpt":{"rendered":"<p>\u015eAM \u2013 Halk Meclisi Ba\u015fkan\u0131 Muhammed Cihat el Lahham bug\u00fcn Avrupa Bar\u0131\u015f ve \u00d6zg\u00fcrl\u00fck \u0130\u00e7in \u0130ttifak Partisi Ba\u015fkan\u0131 Roberto Fiore ve ona e\u015flik eden parti \u00fcyeleri heyetinin yan\u0131 s\u0131ra Yunan Alt\u0131n \u015eafak Partisi ve Avrupa Parlamenter heyeti kabul etti. G\u00f6r\u00fc\u015fmede Lahham Avrupal\u0131 kimi devletlerin Suriye&#8217;de ter\u00f6re kar\u015f\u0131 sava\u015f konusunda izledi\u011fi yanl\u0131\u015f politika ve tutumlar\u0131n yan\u0131 &hellip;<\/p>\n","protected":false},"author":1,"featured_media":70431,"comment_status":"closed","ping_status":"closed","sticky":false,"template":"","format":"standard","meta":{"footnotes":""},"categories":[479,17988,478],"tags":[],"class_list":["post-70423","post","type-post","status-publish","format-standard","has-post-thumbnail","","category-haberler-yerel","category-son-haberler","category-yerel"],"_links":{"self":[{"href":"https:\/\/archive.sana.sy\/tr\/index.php?rest_route=\/wp\/v2\/posts\/70423","targetHints":{"allow":["GET"]}}],"collection":[{"href":"https:\/\/archive.sana.sy\/tr\/index.php?rest_route=\/wp\/v2\/posts"}],"about":[{"href":"https:\/\/archive.sana.sy\/tr\/index.php?rest_route=\/wp\/v2\/types\/post"}],"author":[{"embeddable":true,"href":"https:\/\/archive.sana.sy\/tr\/index.php?rest_route=\/wp\/v2\/users\/1"}],"replies":[{"embeddable":true,"href":"https:\/\/archive.sana.sy\/tr\/index.php?rest_route=%2Fwp%2Fv2%2Fcomments&post=70423"}],"version-history":[{"count":0,"href":"https:\/\/archive.sana.sy\/tr\/index.php?rest_route=\/wp\/v2\/posts\/70423\/revisions"}],"wp:featuredmedia":[{"embeddable":true,"href":"https:\/\/archive.sana.sy\/tr\/index.php?rest_route=\/wp\/v2\/media\/70431"}],"wp:attachment":[{"href":"https:\/\/archive.sana.sy\/tr\/index.php?rest_route=%2Fwp%2Fv2%2Fmedia&parent=70423"}],"wp:term":[{"taxonomy":"category","embeddable":true,"href":"https:\/\/archive.sana.sy\/tr\/index.php?rest_route=%2Fwp%2Fv2%2Fcategories&post=70423"},{"taxonomy":"post_tag","embeddable":true,"href":"https:\/\/archive.sana.sy\/tr\/index.php?rest_route=%2Fwp%2Fv2%2Ftags&post=70423"}],"curies":[{"name":"wp","href":"https:\/\/api.w.org\/{rel}","templated":true}]}}