{"id":70426,"date":"2016-04-24T20:24:00","date_gmt":"2016-04-24T17:24:00","guid":{"rendered":"http:\/\/sana.sy\/tr\/?p=70426"},"modified":"2016-04-24T20:24:00","modified_gmt":"2016-04-24T17:24:00","slug":"bakanlik-soz-konusu-iki-rejimin-bm-ve-guvenlik-konseyinin-terorle-mucadeleye-iliskin-kararlarini-ihlal-etmeye-devam-ettiklerine-dikkat-cekerken-bu-kararlarin-ciddi-ve-tarafsiz-bir-sekilde-hayata-geci","status":"publish","type":"post","link":"https:\/\/archive.sana.sy\/tr\/?p=70426","title":{"rendered":"Bakanl\u0131k s\u00f6z konusu iki rejimin BM ve G\u00fcvenlik Konseyinin ter\u00f6rle m\u00fccadeleye ili\u015fkin kararlar\u0131n\u0131 ihlal etmeye devam ettiklerine dikkat \u00e7ekerken, bu kararlar\u0131n ciddi ve tarafs\u0131z bir \u015fekilde hayata ge\u00e7irilmelerinde BM ve G\u00fcvenlik Konseyinin yan\u0131 s\u0131ra t\u00fcm uluslar aras\u0131 toplumun \u00fcst\u00fcne d\u00fc\u015fen misyon ve g\u00f6revi ciddi ve etkin bir \u015fekilde \u00fcstlenmesini talep etti\u200f"},"content":{"rendered":"<p>Bakanl\u0131k s\u00f6z konusu iki rejimin BM ve G\u00fcvenlik Konseyinin ter\u00f6rle m\u00fccadeleye ili\u015fkin kararlar\u0131n\u0131 ihlal etmeye devam ettiklerine dikkat \u00e7ekerken, bu kararlar\u0131n ciddi ve tarafs\u0131z bir \u015fekilde hayata ge\u00e7irilmelerinde BM ve G\u00fcvenlik Konseyinin yan\u0131 s\u0131ra t\u00fcm uluslar aras\u0131 toplumun \u00fcst\u00fcne d\u00fc\u015fen misyon ve g\u00f6revi ciddi ve etkin bir \u015fekilde \u00fcstlenmesini talep etti\u200f<\/p>\n","protected":false},"excerpt":{"rendered":"<p>Bakanl\u0131k s\u00f6z konusu iki rejimin BM ve G\u00fcvenlik Konseyinin ter\u00f6rle m\u00fccadeleye ili\u015fkin kararlar\u0131n\u0131 ihlal etmeye devam ettiklerine dikkat \u00e7ekerken, bu kararlar\u0131n ciddi ve tarafs\u0131z bir \u015fekilde hayata ge\u00e7irilmelerinde BM ve G\u00fcvenlik Konseyinin yan\u0131 s\u0131ra t\u00fcm uluslar aras\u0131 toplumun \u00fcst\u00fcne d\u00fc\u015fen misyon ve g\u00f6revi ciddi ve etkin bir \u015fekilde \u00fcstlenmesini talep etti\u200f<\/p>\n","protected":false},"author":1,"featured_media":0,"comment_status":"closed","ping_status":"closed","sticky":false,"template":"","format":"standard","meta":{"footnotes":""},"categories":[17991],"tags":[],"class_list":["post-70426","post","type-post","status-publish","format-standard","","category-son-dakika"],"_links":{"self":[{"href":"https:\/\/archive.sana.sy\/tr\/index.php?rest_route=\/wp\/v2\/posts\/70426","targetHints":{"allow":["GET"]}}],"collection":[{"href":"https:\/\/archive.sana.sy\/tr\/index.php?rest_route=\/wp\/v2\/posts"}],"about":[{"href":"https:\/\/archive.sana.sy\/tr\/index.php?rest_route=\/wp\/v2\/types\/post"}],"author":[{"embeddable":true,"href":"https:\/\/archive.sana.sy\/tr\/index.php?rest_route=\/wp\/v2\/users\/1"}],"replies":[{"embeddable":true,"href":"https:\/\/archive.sana.sy\/tr\/index.php?rest_route=%2Fwp%2Fv2%2Fcomments&post=70426"}],"version-history":[{"count":0,"href":"https:\/\/archive.sana.sy\/tr\/index.php?rest_route=\/wp\/v2\/posts\/70426\/revisions"}],"wp:attachment":[{"href":"https:\/\/archive.sana.sy\/tr\/index.php?rest_route=%2Fwp%2Fv2%2Fmedia&parent=70426"}],"wp:term":[{"taxonomy":"category","embeddable":true,"href":"https:\/\/archive.sana.sy\/tr\/index.php?rest_route=%2Fwp%2Fv2%2Fcategories&post=70426"},{"taxonomy":"post_tag","embeddable":true,"href":"https:\/\/archive.sana.sy\/tr\/index.php?rest_route=%2Fwp%2Fv2%2Ftags&post=70426"}],"curies":[{"name":"wp","href":"https:\/\/api.w.org\/{rel}","templated":true}]}}