{"id":70430,"date":"2016-04-24T20:38:30","date_gmt":"2016-04-24T17:38:30","guid":{"rendered":"http:\/\/sana.sy\/tr\/?p=70430"},"modified":"2016-04-25T14:56:21","modified_gmt":"2016-04-25T11:56:21","slug":"saldirilar-turkiye-ve-suudi-arabistan-rejimlerinin-talimatlariyla-yapildi","status":"publish","type":"post","link":"https:\/\/archive.sana.sy\/tr\/?p=70430","title":{"rendered":"Sald\u0131r\u0131lar, T\u00fcrkiye ve Suudi Arabistan Rejimlerinin Talimatlar\u0131yla Yap\u0131ld\u0131"},"content":{"rendered":"<p>\u015eAM \u2013 D\u0131\u015fi\u015fleri ve Gurbet\u00e7iler Bakanl\u0131\u011f\u0131 \u015eam ve Halep\u2019in d\u0131\u015f destekli ter\u00f6r \u00f6rg\u00fctleri taraf\u0131ndan maruz kald\u0131klar\u0131 geli\u015fig\u00fczel f\u00fcze ve roket sald\u0131r\u0131lar\u0131 konusunda BM genel sekreteri ve G\u00fcvenlik Konseyi ba\u015fkan\u0131na e\u015f iki resmi mektup g\u00f6nderdi.<\/p>\n<p>SANA\u2019n\u0131n da bir n\u00fcshas\u0131n\u0131 ald\u0131\u011f\u0131 resmi mektubunda bakanl\u0131k; ter\u00f6ristlerin sivil yerle\u015fim alanlar\u0131n\u0131 geli\u015fig\u00fczel hedef alan bu sald\u0131r\u0131lar\u0131n\u0131n, daha \u00f6nce de Suriye&#8217;nin muhtelif kentleri, beldeleri ve k\u00f6ylerine sald\u0131r\u0131lar\u0131n\u0131n bir devam\u0131 oldu\u011funun alt\u0131n\u0131 \u00e7izdi. Ter\u00f6ristlerin s\u00f6z konusu t\u00fcm bu sald\u0131r\u0131lar\u0131n\u0131 onlar\u0131 destekleyen ve \u00f6rt\u00fc temin eden T\u00fcrkiye ve Suudi Arabistan rejimlerinin talimatlar\u0131 ve y\u00f6nlendirmeleriyle ger\u00e7ekle\u015ftirdiklerini vurgulayan bakanl\u0131k, bu rejimlerin Cenevre&#8217;de Suriyeliler aras\u0131ndaki diyalog g\u00f6r\u00fc\u015fmeleri ve siyasi \u00e7\u00f6z\u00fcm\u00fc baltalamaya, Suriye&#8217;de \u00e7at\u0131\u015fmalar\u0131 durdurma anla\u015fmas\u0131n\u0131 da sabote etmeye \u00e7al\u0131\u015ft\u0131klar\u0131n\u0131n alt\u0131n\u0131 \u00e7izdi.<\/p>\n<p>Bakanl\u0131k s\u00f6z konusu iki rejimin BM ve G\u00fcvenlik Konseyinin ter\u00f6rle m\u00fccadeleye ili\u015fkin kararlar\u0131n\u0131 ihlal etmeye devam ettiklerine dikkat \u00e7ekerken, bu kararlar\u0131n ciddi ve tarafs\u0131z bir \u015fekilde hayata ge\u00e7irilmelerinde BM ve G\u00fcvenlik Konseyinin yan\u0131 s\u0131ra t\u00fcm uluslar aras\u0131 toplumun \u00fcst\u00fcne d\u00fc\u015fen misyon ve g\u00f6revi ciddi ve etkin bir \u015fekilde \u00fcstlenmesini talep etti. Ter\u00f6r\u00fc destekleyen devlet ve rejimlere kar\u015f\u0131 cayd\u0131r\u0131c\u0131 etkin icraatlar\u0131n al\u0131nmas\u0131n\u0131 da talep eden bakanl\u0131k; ter\u00f6ristlerin s\u00f6z konusu bu sald\u0131r\u0131lar\u0131n\u0131n a\u00e7\u0131k ve net bir \u015fekilde k\u0131nanmas\u0131n\u0131 da istedi.<\/p>\n","protected":false},"excerpt":{"rendered":"<p>\u015eAM \u2013 D\u0131\u015fi\u015fleri ve Gurbet\u00e7iler Bakanl\u0131\u011f\u0131 \u015eam ve Halep\u2019in d\u0131\u015f destekli ter\u00f6r \u00f6rg\u00fctleri taraf\u0131ndan maruz kald\u0131klar\u0131 geli\u015fig\u00fczel f\u00fcze ve roket sald\u0131r\u0131lar\u0131 konusunda BM genel sekreteri ve G\u00fcvenlik Konseyi ba\u015fkan\u0131na e\u015f iki resmi mektup g\u00f6nderdi. SANA\u2019n\u0131n da bir n\u00fcshas\u0131n\u0131 ald\u0131\u011f\u0131 resmi mektubunda bakanl\u0131k; ter\u00f6ristlerin sivil yerle\u015fim alanlar\u0131n\u0131 geli\u015fig\u00fczel hedef alan bu sald\u0131r\u0131lar\u0131n\u0131n, daha \u00f6nce de Suriye&#8217;nin &hellip;<\/p>\n","protected":false},"author":1,"featured_media":58242,"comment_status":"closed","ping_status":"closed","sticky":false,"template":"","format":"standard","meta":{"footnotes":""},"categories":[479,17988,478],"tags":[],"class_list":["post-70430","post","type-post","status-publish","format-standard","has-post-thumbnail","","category-haberler-yerel","category-son-haberler","category-yerel"],"_links":{"self":[{"href":"https:\/\/archive.sana.sy\/tr\/index.php?rest_route=\/wp\/v2\/posts\/70430","targetHints":{"allow":["GET"]}}],"collection":[{"href":"https:\/\/archive.sana.sy\/tr\/index.php?rest_route=\/wp\/v2\/posts"}],"about":[{"href":"https:\/\/archive.sana.sy\/tr\/index.php?rest_route=\/wp\/v2\/types\/post"}],"author":[{"embeddable":true,"href":"https:\/\/archive.sana.sy\/tr\/index.php?rest_route=\/wp\/v2\/users\/1"}],"replies":[{"embeddable":true,"href":"https:\/\/archive.sana.sy\/tr\/index.php?rest_route=%2Fwp%2Fv2%2Fcomments&post=70430"}],"version-history":[{"count":0,"href":"https:\/\/archive.sana.sy\/tr\/index.php?rest_route=\/wp\/v2\/posts\/70430\/revisions"}],"wp:featuredmedia":[{"embeddable":true,"href":"https:\/\/archive.sana.sy\/tr\/index.php?rest_route=\/wp\/v2\/media\/58242"}],"wp:attachment":[{"href":"https:\/\/archive.sana.sy\/tr\/index.php?rest_route=%2Fwp%2Fv2%2Fmedia&parent=70430"}],"wp:term":[{"taxonomy":"category","embeddable":true,"href":"https:\/\/archive.sana.sy\/tr\/index.php?rest_route=%2Fwp%2Fv2%2Fcategories&post=70430"},{"taxonomy":"post_tag","embeddable":true,"href":"https:\/\/archive.sana.sy\/tr\/index.php?rest_route=%2Fwp%2Fv2%2Ftags&post=70430"}],"curies":[{"name":"wp","href":"https:\/\/api.w.org\/{rel}","templated":true}]}}