{"id":70477,"date":"2016-04-25T11:57:18","date_gmt":"2016-04-25T08:57:18","guid":{"rendered":"http:\/\/www.sana.sy\/tr\/?p=70477"},"modified":"2016-04-25T11:57:18","modified_gmt":"2016-04-25T08:57:18","slug":"sananin-cenevre-delegesi-suriyeliler-arasindaki-dolayli-diyalog-gorusmelerinde-suriye-arap-cumhuriyeti-heyetinin-bm-genel-sekreterinin-suriye-ozel-temsilcisi-staffan-de-mistura-ile-bir-araya","status":"publish","type":"post","link":"https:\/\/archive.sana.sy\/tr\/?p=70477","title":{"rendered":"SANA\u2019n\u0131n Cenevre delegesi Suriyeliler aras\u0131ndaki dolayl\u0131 diyalog g\u00f6r\u00fc\u015fmelerinde Suriye Arap Cumhuriyeti heyetinin BM genel sekreterinin Suriye \u00f6zel temsilcisi Staffan de Mistura ile bir araya gelmek \u00fczere BM\u2019nin Cenevre ofisine girdi\u011fini aktard\u0131"},"content":{"rendered":"<p>SANA\u2019n\u0131n Cenevre delegesi Suriyeliler aras\u0131ndaki dolayl\u0131 diyalog g\u00f6r\u00fc\u015fmelerinde Suriye Arap Cumhuriyeti heyetinin BM genel sekreterinin Suriye \u00f6zel temsilcisi Staffan de Mistura ile bir araya gelmek \u00fczere BM\u2019nin Cenevre ofisine girdi\u011fini aktard\u0131<\/p>\n","protected":false},"excerpt":{"rendered":"<p>SANA\u2019n\u0131n Cenevre delegesi Suriyeliler aras\u0131ndaki dolayl\u0131 diyalog g\u00f6r\u00fc\u015fmelerinde Suriye Arap Cumhuriyeti heyetinin BM genel sekreterinin Suriye \u00f6zel temsilcisi Staffan de Mistura ile bir araya gelmek \u00fczere BM\u2019nin Cenevre ofisine girdi\u011fini aktard\u0131<\/p>\n","protected":false},"author":1,"featured_media":0,"comment_status":"closed","ping_status":"closed","sticky":false,"template":"","format":"standard","meta":{"footnotes":""},"categories":[17991],"tags":[],"class_list":["post-70477","post","type-post","status-publish","format-standard","","category-son-dakika"],"_links":{"self":[{"href":"https:\/\/archive.sana.sy\/tr\/index.php?rest_route=\/wp\/v2\/posts\/70477","targetHints":{"allow":["GET"]}}],"collection":[{"href":"https:\/\/archive.sana.sy\/tr\/index.php?rest_route=\/wp\/v2\/posts"}],"about":[{"href":"https:\/\/archive.sana.sy\/tr\/index.php?rest_route=\/wp\/v2\/types\/post"}],"author":[{"embeddable":true,"href":"https:\/\/archive.sana.sy\/tr\/index.php?rest_route=\/wp\/v2\/users\/1"}],"replies":[{"embeddable":true,"href":"https:\/\/archive.sana.sy\/tr\/index.php?rest_route=%2Fwp%2Fv2%2Fcomments&post=70477"}],"version-history":[{"count":0,"href":"https:\/\/archive.sana.sy\/tr\/index.php?rest_route=\/wp\/v2\/posts\/70477\/revisions"}],"wp:attachment":[{"href":"https:\/\/archive.sana.sy\/tr\/index.php?rest_route=%2Fwp%2Fv2%2Fmedia&parent=70477"}],"wp:term":[{"taxonomy":"category","embeddable":true,"href":"https:\/\/archive.sana.sy\/tr\/index.php?rest_route=%2Fwp%2Fv2%2Fcategories&post=70477"},{"taxonomy":"post_tag","embeddable":true,"href":"https:\/\/archive.sana.sy\/tr\/index.php?rest_route=%2Fwp%2Fv2%2Ftags&post=70477"}],"curies":[{"name":"wp","href":"https:\/\/api.w.org\/{rel}","templated":true}]}}