{"id":70482,"date":"2016-04-25T11:01:08","date_gmt":"2016-04-25T08:01:08","guid":{"rendered":"http:\/\/www.sana.sy\/tr\/?p=70482"},"modified":"2016-04-25T12:01:50","modified_gmt":"2016-04-25T09:01:50","slug":"kaynak-diyyabiye-beldesi-girisinde-meydana-gelen-hain-ve-korkak-bombali-teror-eyleminde-ilk-verilere-gore-5-vatandasin-sehit-20-vatandasin-da-yarali-dustuklerini-ifade-ederken-aralarinda-cocuk-ve-ka","status":"publish","type":"post","link":"https:\/\/archive.sana.sy\/tr\/?p=70482","title":{"rendered":"Kaynak Diyyabiye Beldesi giri\u015finde meydana gelen hain ve korkak bombal\u0131 ter\u00f6r eyleminde ilk verilere g\u00f6re 5 vatanda\u015f\u0131n \u015fehit, 20 vatanda\u015f\u0131n da yaral\u0131 d\u00fc\u015ft\u00fcklerini ifade ederken, aralar\u0131nda \u00e7ocuk ve kad\u0131nlar\u0131n da bulundu\u011funa dikkat \u00e7ekti"},"content":{"rendered":"<p>Kaynak Diyyabiye Beldesi giri\u015finde meydana gelen hain ve korkak bombal\u0131 ter\u00f6r eyleminde ilk verilere g\u00f6re 5 vatanda\u015f\u0131n \u015fehit, 20 vatanda\u015f\u0131n da yaral\u0131 d\u00fc\u015ft\u00fcklerini ifade ederken, aralar\u0131nda \u00e7ocuk ve kad\u0131nlar\u0131n da bulundu\u011funa dikkat \u00e7ekti<\/p>\n","protected":false},"excerpt":{"rendered":"<p>Kaynak Diyyabiye Beldesi giri\u015finde meydana gelen hain ve korkak bombal\u0131 ter\u00f6r eyleminde ilk verilere g\u00f6re 5 vatanda\u015f\u0131n \u015fehit, 20 vatanda\u015f\u0131n da yaral\u0131 d\u00fc\u015ft\u00fcklerini ifade ederken, aralar\u0131nda \u00e7ocuk ve kad\u0131nlar\u0131n da bulundu\u011funa dikkat \u00e7ekti<\/p>\n","protected":false},"author":1,"featured_media":0,"comment_status":"closed","ping_status":"closed","sticky":false,"template":"","format":"standard","meta":{"footnotes":""},"categories":[17991],"tags":[],"class_list":["post-70482","post","type-post","status-publish","format-standard","","category-son-dakika"],"_links":{"self":[{"href":"https:\/\/archive.sana.sy\/tr\/index.php?rest_route=\/wp\/v2\/posts\/70482","targetHints":{"allow":["GET"]}}],"collection":[{"href":"https:\/\/archive.sana.sy\/tr\/index.php?rest_route=\/wp\/v2\/posts"}],"about":[{"href":"https:\/\/archive.sana.sy\/tr\/index.php?rest_route=\/wp\/v2\/types\/post"}],"author":[{"embeddable":true,"href":"https:\/\/archive.sana.sy\/tr\/index.php?rest_route=\/wp\/v2\/users\/1"}],"replies":[{"embeddable":true,"href":"https:\/\/archive.sana.sy\/tr\/index.php?rest_route=%2Fwp%2Fv2%2Fcomments&post=70482"}],"version-history":[{"count":0,"href":"https:\/\/archive.sana.sy\/tr\/index.php?rest_route=\/wp\/v2\/posts\/70482\/revisions"}],"wp:attachment":[{"href":"https:\/\/archive.sana.sy\/tr\/index.php?rest_route=%2Fwp%2Fv2%2Fmedia&parent=70482"}],"wp:term":[{"taxonomy":"category","embeddable":true,"href":"https:\/\/archive.sana.sy\/tr\/index.php?rest_route=%2Fwp%2Fv2%2Fcategories&post=70482"},{"taxonomy":"post_tag","embeddable":true,"href":"https:\/\/archive.sana.sy\/tr\/index.php?rest_route=%2Fwp%2Fv2%2Ftags&post=70482"}],"curies":[{"name":"wp","href":"https:\/\/api.w.org\/{rel}","templated":true}]}}