{"id":70483,"date":"2016-04-25T12:17:13","date_gmt":"2016-04-25T09:17:13","guid":{"rendered":"http:\/\/www.sana.sy\/tr\/?p=70483"},"modified":"2016-04-25T12:26:46","modified_gmt":"2016-04-25T09:26:46","slug":"caferi-basin-aciklamasinda-teroristlerin-bugun-diyyabiye-beldesi-girisinde-bulunduklari-bombali-teror-eyleminin-cenevrede-muhalefet-adi-altinda-gorusmelere-katilan-ve-sonra-cekilme-karari-alanlarin","status":"publish","type":"post","link":"https:\/\/archive.sana.sy\/tr\/?p=70483","title":{"rendered":"Caferi bas\u0131n a\u00e7\u0131klamas\u0131nda ter\u00f6ristlerin bug\u00fcn Diyyabiye Beldesi giri\u015finde bulunduklar\u0131 bombal\u0131 ter\u00f6r eyleminin, Cenevre&#8217;de muhalefet ad\u0131 alt\u0131nda g\u00f6r\u00fc\u015fmelere kat\u0131lan ve sonra \u00e7ekilme karar\u0131 alanlar\u0131n ter\u00f6rist olduklar\u0131n\u0131, i\u015fverenlerinin de ter\u00f6r destek\u00e7ileri olduklar\u0131n\u0131 net bir \u015fekilde kan\u0131tlad\u0131\u011f\u0131n\u0131 belirtti"},"content":{"rendered":"<p>Caferi bas\u0131n a\u00e7\u0131klamas\u0131nda ter\u00f6ristlerin bug\u00fcn Diyyabiye Beldesi giri\u015finde bulunduklar\u0131 bombal\u0131 ter\u00f6r eyleminin, Cenevre&#8217;de muhalefet ad\u0131 alt\u0131nda g\u00f6r\u00fc\u015fmelere kat\u0131lan ve sonra \u00e7ekilme karar\u0131 alanlar\u0131n ter\u00f6rist olduklar\u0131n\u0131, i\u015fverenlerinin de ter\u00f6r destek\u00e7ileri olduklar\u0131n\u0131 net bir \u015fekilde kan\u0131tlad\u0131\u011f\u0131n\u0131 belirtti<\/p>\n","protected":false},"excerpt":{"rendered":"<p>Caferi bas\u0131n a\u00e7\u0131klamas\u0131nda ter\u00f6ristlerin bug\u00fcn Diyyabiye Beldesi giri\u015finde bulunduklar\u0131 bombal\u0131 ter\u00f6r eyleminin, Cenevre&#8217;de muhalefet ad\u0131 alt\u0131nda g\u00f6r\u00fc\u015fmelere kat\u0131lan ve sonra \u00e7ekilme karar\u0131 alanlar\u0131n ter\u00f6rist olduklar\u0131n\u0131, i\u015fverenlerinin de ter\u00f6r destek\u00e7ileri olduklar\u0131n\u0131 net bir \u015fekilde kan\u0131tlad\u0131\u011f\u0131n\u0131 belirtti<\/p>\n","protected":false},"author":1,"featured_media":0,"comment_status":"closed","ping_status":"closed","sticky":false,"template":"","format":"standard","meta":{"footnotes":""},"categories":[17991],"tags":[],"class_list":["post-70483","post","type-post","status-publish","format-standard","","category-son-dakika"],"_links":{"self":[{"href":"https:\/\/archive.sana.sy\/tr\/index.php?rest_route=\/wp\/v2\/posts\/70483","targetHints":{"allow":["GET"]}}],"collection":[{"href":"https:\/\/archive.sana.sy\/tr\/index.php?rest_route=\/wp\/v2\/posts"}],"about":[{"href":"https:\/\/archive.sana.sy\/tr\/index.php?rest_route=\/wp\/v2\/types\/post"}],"author":[{"embeddable":true,"href":"https:\/\/archive.sana.sy\/tr\/index.php?rest_route=\/wp\/v2\/users\/1"}],"replies":[{"embeddable":true,"href":"https:\/\/archive.sana.sy\/tr\/index.php?rest_route=%2Fwp%2Fv2%2Fcomments&post=70483"}],"version-history":[{"count":0,"href":"https:\/\/archive.sana.sy\/tr\/index.php?rest_route=\/wp\/v2\/posts\/70483\/revisions"}],"wp:attachment":[{"href":"https:\/\/archive.sana.sy\/tr\/index.php?rest_route=%2Fwp%2Fv2%2Fmedia&parent=70483"}],"wp:term":[{"taxonomy":"category","embeddable":true,"href":"https:\/\/archive.sana.sy\/tr\/index.php?rest_route=%2Fwp%2Fv2%2Fcategories&post=70483"},{"taxonomy":"post_tag","embeddable":true,"href":"https:\/\/archive.sana.sy\/tr\/index.php?rest_route=%2Fwp%2Fv2%2Ftags&post=70483"}],"curies":[{"name":"wp","href":"https:\/\/api.w.org\/{rel}","templated":true}]}}