{"id":70487,"date":"2016-04-25T12:00:46","date_gmt":"2016-04-25T09:00:46","guid":{"rendered":"http:\/\/www.sana.sy\/tr\/?p=70487"},"modified":"2016-04-25T12:31:17","modified_gmt":"2016-04-25T09:31:17","slug":"rusya-disisleri-bakani-etiyopya-disisleri-bakani-tedros-adhanom-ile-bulundugu-temaslarin-ardindan-duzenledigi-ortak-basin-toplantisinda-isid-ve-kaide-orgutunun-suriye-kolu-nusra-cephesi-ile-isbirligin","status":"publish","type":"post","link":"https:\/\/archive.sana.sy\/tr\/?p=70487","title":{"rendered":"Rusya D\u0131\u015fi\u015fleri Bakan\u0131 Etiyopya D\u0131\u015fi\u015fleri Bakan\u0131 Tedros Adhanom ile bulundu\u011fu temaslar\u0131n ard\u0131ndan d\u00fczenledi\u011fi ortak bas\u0131n toplant\u0131s\u0131nda I\u015e\u0130D ve Kaide \u00d6rg\u00fct\u00fcn\u00fcn Suriye kolu Nusra Cephesi ile i\u015fbirli\u011finde olan t\u00fcm silahl\u0131 gruplar\u0131n ter\u00f6r \u00f6rg\u00fctlerinden ibaret olduklar\u0131n\u0131, bu ter\u00f6r \u00f6rg\u00fctlerinin de \u00e7at\u0131\u015fmalar\u0131 durdurma anla\u015fmas\u0131n\u0131n bir par\u00e7as\u0131 olmalar\u0131n\u0131n m\u00fcmk\u00fcn olmad\u0131\u011f\u0131n\u0131 belirtti"},"content":{"rendered":"<p>Rusya D\u0131\u015fi\u015fleri Bakan\u0131 Etiyopya D\u0131\u015fi\u015fleri Bakan\u0131 Tedros Adhanom ile bulundu\u011fu temaslar\u0131n ard\u0131ndan d\u00fczenledi\u011fi ortak bas\u0131n toplant\u0131s\u0131nda I\u015e\u0130D ve Kaide \u00d6rg\u00fct\u00fcn\u00fcn Suriye kolu Nusra Cephesi ile i\u015fbirli\u011finde olan t\u00fcm silahl\u0131 gruplar\u0131n ter\u00f6r \u00f6rg\u00fctlerinden ibaret olduklar\u0131n\u0131, bu ter\u00f6r \u00f6rg\u00fctlerinin de \u00e7at\u0131\u015fmalar\u0131 durdurma anla\u015fmas\u0131n\u0131n bir par\u00e7as\u0131 olmalar\u0131n\u0131n m\u00fcmk\u00fcn olmad\u0131\u011f\u0131n\u0131 belirtti<\/p>\n","protected":false},"excerpt":{"rendered":"<p>Rusya D\u0131\u015fi\u015fleri Bakan\u0131 Etiyopya D\u0131\u015fi\u015fleri Bakan\u0131 Tedros Adhanom ile bulundu\u011fu temaslar\u0131n ard\u0131ndan d\u00fczenledi\u011fi ortak bas\u0131n toplant\u0131s\u0131nda I\u015e\u0130D ve Kaide \u00d6rg\u00fct\u00fcn\u00fcn Suriye kolu Nusra Cephesi ile i\u015fbirli\u011finde olan t\u00fcm silahl\u0131 gruplar\u0131n ter\u00f6r \u00f6rg\u00fctlerinden ibaret olduklar\u0131n\u0131, bu ter\u00f6r \u00f6rg\u00fctlerinin de \u00e7at\u0131\u015fmalar\u0131 durdurma anla\u015fmas\u0131n\u0131n bir par\u00e7as\u0131 olmalar\u0131n\u0131n m\u00fcmk\u00fcn olmad\u0131\u011f\u0131n\u0131 belirtti<\/p>\n","protected":false},"author":1,"featured_media":0,"comment_status":"closed","ping_status":"closed","sticky":false,"template":"","format":"standard","meta":{"footnotes":""},"categories":[17991],"tags":[],"class_list":["post-70487","post","type-post","status-publish","format-standard","","category-son-dakika"],"_links":{"self":[{"href":"https:\/\/archive.sana.sy\/tr\/index.php?rest_route=\/wp\/v2\/posts\/70487","targetHints":{"allow":["GET"]}}],"collection":[{"href":"https:\/\/archive.sana.sy\/tr\/index.php?rest_route=\/wp\/v2\/posts"}],"about":[{"href":"https:\/\/archive.sana.sy\/tr\/index.php?rest_route=\/wp\/v2\/types\/post"}],"author":[{"embeddable":true,"href":"https:\/\/archive.sana.sy\/tr\/index.php?rest_route=\/wp\/v2\/users\/1"}],"replies":[{"embeddable":true,"href":"https:\/\/archive.sana.sy\/tr\/index.php?rest_route=%2Fwp%2Fv2%2Fcomments&post=70487"}],"version-history":[{"count":0,"href":"https:\/\/archive.sana.sy\/tr\/index.php?rest_route=\/wp\/v2\/posts\/70487\/revisions"}],"wp:attachment":[{"href":"https:\/\/archive.sana.sy\/tr\/index.php?rest_route=%2Fwp%2Fv2%2Fmedia&parent=70487"}],"wp:term":[{"taxonomy":"category","embeddable":true,"href":"https:\/\/archive.sana.sy\/tr\/index.php?rest_route=%2Fwp%2Fv2%2Fcategories&post=70487"},{"taxonomy":"post_tag","embeddable":true,"href":"https:\/\/archive.sana.sy\/tr\/index.php?rest_route=%2Fwp%2Fv2%2Ftags&post=70487"}],"curies":[{"name":"wp","href":"https:\/\/api.w.org\/{rel}","templated":true}]}}