{"id":70490,"date":"2016-04-25T12:05:59","date_gmt":"2016-04-25T09:05:59","guid":{"rendered":"http:\/\/www.sana.sy\/tr\/?p=70490"},"modified":"2016-04-25T12:33:17","modified_gmt":"2016-04-25T09:33:17","slug":"lavrov-abdnin-halepte-ilimli-muhalifler-olarak-adlandirdigi-gruplari-nusra-cephesi-teror-orgutunden-ayirma-vaadinde-bulundugunu-fakat-su-ana-dek-bu-vaadini-yerine","status":"publish","type":"post","link":"https:\/\/archive.sana.sy\/tr\/?p=70490","title":{"rendered":"Lavrov ABD\u2019nin Halep\u2019te \u2018\u0131l\u0131ml\u0131 muhalifler\u2019 olarak adland\u0131rd\u0131\u011f\u0131 gruplar\u0131 Nusra Cephesi ter\u00f6r \u00f6rg\u00fct\u00fcnden ay\u0131rma vaadinde bulundu\u011funu, fakat \u015fu ana dek bu vaadini yerine getirmedi\u011fini ifade etti"},"content":{"rendered":"<p>Lavrov ABD\u2019nin Halep\u2019te \u2018\u0131l\u0131ml\u0131 muhalifler\u2019 olarak adland\u0131rd\u0131\u011f\u0131 gruplar\u0131 Nusra Cephesi ter\u00f6r \u00f6rg\u00fct\u00fcnden ay\u0131rma vaadinde bulundu\u011funu, fakat \u015fu ana dek bu vaadini yerine getirmedi\u011fini ifade etti<\/p>\n","protected":false},"excerpt":{"rendered":"<p>Lavrov ABD\u2019nin Halep\u2019te \u2018\u0131l\u0131ml\u0131 muhalifler\u2019 olarak adland\u0131rd\u0131\u011f\u0131 gruplar\u0131 Nusra Cephesi ter\u00f6r \u00f6rg\u00fct\u00fcnden ay\u0131rma vaadinde bulundu\u011funu, fakat \u015fu ana dek bu vaadini yerine getirmedi\u011fini ifade etti<\/p>\n","protected":false},"author":1,"featured_media":0,"comment_status":"closed","ping_status":"closed","sticky":false,"template":"","format":"standard","meta":{"footnotes":""},"categories":[17991],"tags":[],"class_list":["post-70490","post","type-post","status-publish","format-standard","","category-son-dakika"],"_links":{"self":[{"href":"https:\/\/archive.sana.sy\/tr\/index.php?rest_route=\/wp\/v2\/posts\/70490","targetHints":{"allow":["GET"]}}],"collection":[{"href":"https:\/\/archive.sana.sy\/tr\/index.php?rest_route=\/wp\/v2\/posts"}],"about":[{"href":"https:\/\/archive.sana.sy\/tr\/index.php?rest_route=\/wp\/v2\/types\/post"}],"author":[{"embeddable":true,"href":"https:\/\/archive.sana.sy\/tr\/index.php?rest_route=\/wp\/v2\/users\/1"}],"replies":[{"embeddable":true,"href":"https:\/\/archive.sana.sy\/tr\/index.php?rest_route=%2Fwp%2Fv2%2Fcomments&post=70490"}],"version-history":[{"count":0,"href":"https:\/\/archive.sana.sy\/tr\/index.php?rest_route=\/wp\/v2\/posts\/70490\/revisions"}],"wp:attachment":[{"href":"https:\/\/archive.sana.sy\/tr\/index.php?rest_route=%2Fwp%2Fv2%2Fmedia&parent=70490"}],"wp:term":[{"taxonomy":"category","embeddable":true,"href":"https:\/\/archive.sana.sy\/tr\/index.php?rest_route=%2Fwp%2Fv2%2Fcategories&post=70490"},{"taxonomy":"post_tag","embeddable":true,"href":"https:\/\/archive.sana.sy\/tr\/index.php?rest_route=%2Fwp%2Fv2%2Ftags&post=70490"}],"curies":[{"name":"wp","href":"https:\/\/api.w.org\/{rel}","templated":true}]}}