{"id":70492,"date":"2016-04-25T12:21:58","date_gmt":"2016-04-25T09:21:58","guid":{"rendered":"http:\/\/www.sana.sy\/tr\/?p=70492"},"modified":"2016-04-25T12:35:19","modified_gmt":"2016-04-25T09:35:19","slug":"cenevrede-suriyeliler-arasindaki-diyalog-gorusmelerinin-bir-kisim-muhaliflerin-katilimlarini-askiya-almalarina-ragmen-devam-edecegini-belirten-lavrov-rusya-ve-abdnin-bu","status":"publish","type":"post","link":"https:\/\/archive.sana.sy\/tr\/?p=70492","title":{"rendered":"Cenevre&#8217;de Suriyeliler aras\u0131ndaki diyalog g\u00f6r\u00fc\u015fmelerinin, bir k\u0131s\u0131m \u2018muhaliflerin\u2019 kat\u0131l\u0131mlar\u0131n\u0131 ask\u0131ya almalar\u0131na ra\u011fmen devam edece\u011fini belirten Lavrov; Rusya ve ABD\u2019nin bu g\u00f6r\u00fc\u015fmelerin devam etmesi ve Suriye&#8217;de \u00e7at\u0131\u015fmalar\u0131 durdurma anla\u015fmas\u0131n\u0131n devam etmesi \u00f6neminde hem fikir olduklar\u0131na i\u015faret etti"},"content":{"rendered":"<p>Cenevre&#8217;de Suriyeliler aras\u0131ndaki diyalog g\u00f6r\u00fc\u015fmelerinin, bir k\u0131s\u0131m \u2018muhaliflerin\u2019 kat\u0131l\u0131mlar\u0131n\u0131 ask\u0131ya almalar\u0131na ra\u011fmen devam edece\u011fini belirten Lavrov; Rusya ve ABD\u2019nin bu g\u00f6r\u00fc\u015fmelerin devam etmesi ve Suriye&#8217;de \u00e7at\u0131\u015fmalar\u0131 durdurma anla\u015fmas\u0131n\u0131n devam etmesi \u00f6neminde hem fikir olduklar\u0131na i\u015faret etti<\/p>\n","protected":false},"excerpt":{"rendered":"<p>Cenevre&#8217;de Suriyeliler aras\u0131ndaki diyalog g\u00f6r\u00fc\u015fmelerinin, bir k\u0131s\u0131m \u2018muhaliflerin\u2019 kat\u0131l\u0131mlar\u0131n\u0131 ask\u0131ya almalar\u0131na ra\u011fmen devam edece\u011fini belirten Lavrov; Rusya ve ABD\u2019nin bu g\u00f6r\u00fc\u015fmelerin devam etmesi ve Suriye&#8217;de \u00e7at\u0131\u015fmalar\u0131 durdurma anla\u015fmas\u0131n\u0131n devam etmesi \u00f6neminde hem fikir olduklar\u0131na i\u015faret etti<\/p>\n","protected":false},"author":1,"featured_media":0,"comment_status":"closed","ping_status":"closed","sticky":false,"template":"","format":"standard","meta":{"footnotes":""},"categories":[17991],"tags":[],"class_list":["post-70492","post","type-post","status-publish","format-standard","","category-son-dakika"],"_links":{"self":[{"href":"https:\/\/archive.sana.sy\/tr\/index.php?rest_route=\/wp\/v2\/posts\/70492","targetHints":{"allow":["GET"]}}],"collection":[{"href":"https:\/\/archive.sana.sy\/tr\/index.php?rest_route=\/wp\/v2\/posts"}],"about":[{"href":"https:\/\/archive.sana.sy\/tr\/index.php?rest_route=\/wp\/v2\/types\/post"}],"author":[{"embeddable":true,"href":"https:\/\/archive.sana.sy\/tr\/index.php?rest_route=\/wp\/v2\/users\/1"}],"replies":[{"embeddable":true,"href":"https:\/\/archive.sana.sy\/tr\/index.php?rest_route=%2Fwp%2Fv2%2Fcomments&post=70492"}],"version-history":[{"count":0,"href":"https:\/\/archive.sana.sy\/tr\/index.php?rest_route=\/wp\/v2\/posts\/70492\/revisions"}],"wp:attachment":[{"href":"https:\/\/archive.sana.sy\/tr\/index.php?rest_route=%2Fwp%2Fv2%2Fmedia&parent=70492"}],"wp:term":[{"taxonomy":"category","embeddable":true,"href":"https:\/\/archive.sana.sy\/tr\/index.php?rest_route=%2Fwp%2Fv2%2Fcategories&post=70492"},{"taxonomy":"post_tag","embeddable":true,"href":"https:\/\/archive.sana.sy\/tr\/index.php?rest_route=%2Fwp%2Fv2%2Ftags&post=70492"}],"curies":[{"name":"wp","href":"https:\/\/api.w.org\/{rel}","templated":true}]}}