{"id":70507,"date":"2016-04-25T11:30:44","date_gmt":"2016-04-25T08:30:44","guid":{"rendered":"http:\/\/sana.sy\/tr\/?p=70507"},"modified":"2016-04-25T13:25:30","modified_gmt":"2016-04-25T10:25:30","slug":"sam-universitesi-edebiyat-fakultesinin-70-kurulus-yildonumunde-sergi-ve-muhtelif-edebi-etkinlikler-duzenleniyor","status":"publish","type":"post","link":"https:\/\/archive.sana.sy\/tr\/?p=70507","title":{"rendered":"Edebiyat Fak\u00fcltesi Kurulu\u015funun 70. Y\u0131ld\u00f6n\u00fcm\u00fcn\u00fc Kutluyor"},"content":{"rendered":"<p>Edebiyat Fak\u00fcltesi Kurulu\u015funun 70. Y\u0131ld\u00f6n\u00fcm\u00fcn\u00fc Kutluyor<\/p>\n<p>https:\/\/youtu.be\/2sUms82Z9Z0<\/p>\n<p>R.H.<\/p>\n","protected":false},"excerpt":{"rendered":"<p>Edebiyat Fak\u00fcltesi Kurulu\u015funun 70. Y\u0131ld\u00f6n\u00fcm\u00fcn\u00fc Kutluyor https:\/\/youtu.be\/2sUms82Z9Z0 R.H.<\/p>\n","protected":false},"author":1,"featured_media":70508,"comment_status":"closed","ping_status":"closed","sticky":false,"template":"","format":"standard","meta":{"footnotes":""},"categories":[18295],"tags":[20721],"class_list":["post-70507","post","type-post","status-publish","format-standard","has-post-thumbnail","","category-sana-video","tag-edebiyat-fakultesi-kurulusunun-70-yildonumunu-kutluyor"],"_links":{"self":[{"href":"https:\/\/archive.sana.sy\/tr\/index.php?rest_route=\/wp\/v2\/posts\/70507","targetHints":{"allow":["GET"]}}],"collection":[{"href":"https:\/\/archive.sana.sy\/tr\/index.php?rest_route=\/wp\/v2\/posts"}],"about":[{"href":"https:\/\/archive.sana.sy\/tr\/index.php?rest_route=\/wp\/v2\/types\/post"}],"author":[{"embeddable":true,"href":"https:\/\/archive.sana.sy\/tr\/index.php?rest_route=\/wp\/v2\/users\/1"}],"replies":[{"embeddable":true,"href":"https:\/\/archive.sana.sy\/tr\/index.php?rest_route=%2Fwp%2Fv2%2Fcomments&post=70507"}],"version-history":[{"count":0,"href":"https:\/\/archive.sana.sy\/tr\/index.php?rest_route=\/wp\/v2\/posts\/70507\/revisions"}],"wp:featuredmedia":[{"embeddable":true,"href":"https:\/\/archive.sana.sy\/tr\/index.php?rest_route=\/wp\/v2\/media\/70508"}],"wp:attachment":[{"href":"https:\/\/archive.sana.sy\/tr\/index.php?rest_route=%2Fwp%2Fv2%2Fmedia&parent=70507"}],"wp:term":[{"taxonomy":"category","embeddable":true,"href":"https:\/\/archive.sana.sy\/tr\/index.php?rest_route=%2Fwp%2Fv2%2Fcategories&post=70507"},{"taxonomy":"post_tag","embeddable":true,"href":"https:\/\/archive.sana.sy\/tr\/index.php?rest_route=%2Fwp%2Fv2%2Ftags&post=70507"}],"curies":[{"name":"wp","href":"https:\/\/api.w.org\/{rel}","templated":true}]}}