{"id":70524,"date":"2016-04-25T11:00:52","date_gmt":"2016-04-25T08:00:52","guid":{"rendered":"http:\/\/sana.sy\/tr\/?p=70524"},"modified":"2016-04-25T20:46:42","modified_gmt":"2016-04-25T17:46:42","slug":"suriye-heyeti-de-mistura-ile-gorusuyorvideo","status":"publish","type":"post","link":"https:\/\/archive.sana.sy\/tr\/?p=70524","title":{"rendered":"Suriye Heyeti de Mistura ile \u0130ki Toplant\u0131 D\u00fczenledi (video)"},"content":{"rendered":"<p>CENEVRE \u2013 Suriyeliler aras\u0131ndaki dolayl\u0131 diyalog g\u00f6r\u00fc\u015fmelerinde Suriye Arap Cumhuriyeti heyeti bug\u00fcn BM genel sekreterinin Suriye \u00f6zel temsilcisi Staffan de Mistura ile BM\u2019nin Cenevre ofisinde iki kez bir araya geldi.<\/p>\n<p><a href=\"http:\/\/sana.sy\/tr\/wp-content\/uploads\/2016\/04\/\u0627\u0644\u0648\u0641\u062f-\u0627\u0644\u0633\u0648\u0631\u064a-\u062e\u0644\u0627\u0644-\u0627\u0644\u0627\u062c\u062a\u0645\u0627\u0639-\u0645\u0639-\u062f\u064a\u0645\u0633\u062a\u0648\u0631\u06271.jpg\"><img loading=\"lazy\" decoding=\"async\" class=\"alignright wp-image-70585 size-medium\" src=\"http:\/\/sana.sy\/tr\/wp-content\/uploads\/2016\/04\/\u0627\u0644\u0648\u0641\u062f-\u0627\u0644\u0633\u0648\u0631\u064a-\u062e\u0644\u0627\u0644-\u0627\u0644\u0627\u062c\u062a\u0645\u0627\u0639-\u0645\u0639-\u062f\u064a\u0645\u0633\u062a\u0648\u0631\u06271-300x202.jpg\" width=\"300\" height=\"202\" srcset=\"https:\/\/archive.sana.sy\/tr\/wp-content\/uploads\/2016\/04\/\u0627\u0644\u0648\u0641\u062f-\u0627\u0644\u0633\u0648\u0631\u064a-\u062e\u0644\u0627\u0644-\u0627\u0644\u0627\u062c\u062a\u0645\u0627\u0639-\u0645\u0639-\u062f\u064a\u0645\u0633\u062a\u0648\u0631\u06271-300x202.jpg 300w, https:\/\/archive.sana.sy\/tr\/wp-content\/uploads\/2016\/04\/\u0627\u0644\u0648\u0641\u062f-\u0627\u0644\u0633\u0648\u0631\u064a-\u062e\u0644\u0627\u0644-\u0627\u0644\u0627\u062c\u062a\u0645\u0627\u0639-\u0645\u0639-\u062f\u064a\u0645\u0633\u062a\u0648\u0631\u06271-150x101.jpg 150w, https:\/\/archive.sana.sy\/tr\/wp-content\/uploads\/2016\/04\/\u0627\u0644\u0648\u0641\u062f-\u0627\u0644\u0633\u0648\u0631\u064a-\u062e\u0644\u0627\u0644-\u0627\u0644\u0627\u062c\u062a\u0645\u0627\u0639-\u0645\u0639-\u062f\u064a\u0645\u0633\u062a\u0648\u0631\u06271-768x517.jpg 768w, https:\/\/archive.sana.sy\/tr\/wp-content\/uploads\/2016\/04\/\u0627\u0644\u0648\u0641\u062f-\u0627\u0644\u0633\u0648\u0631\u064a-\u062e\u0644\u0627\u0644-\u0627\u0644\u0627\u062c\u062a\u0645\u0627\u0639-\u0645\u0639-\u062f\u064a\u0645\u0633\u062a\u0648\u0631\u06271-1024x689.jpg 1024w, https:\/\/archive.sana.sy\/tr\/wp-content\/uploads\/2016\/04\/\u0627\u0644\u0648\u0641\u062f-\u0627\u0644\u0633\u0648\u0631\u064a-\u062e\u0644\u0627\u0644-\u0627\u0644\u0627\u062c\u062a\u0645\u0627\u0639-\u0645\u0639-\u062f\u064a\u0645\u0633\u062a\u0648\u0631\u06271-110x75.jpg 110w\" sizes=\"auto, (max-width: 300px) 100vw, 300px\" \/><\/a><\/p>\n<p>Suriye Arap Cumhuriyeti heyetinin de Mistura ile ilk toplant\u0131s\u0131 \u00f6ncesinde a\u00e7\u0131klama yapan heyet ba\u015fkan\u0131 Be\u015f\u015far el Caferi; bug\u00fcnk\u00fc oturumda Suriye&#8217;nin, de Mistura\u2019n\u0131n takdim etti\u011fi 12 noktadan ibaret belgeye yapt\u0131\u011f\u0131 de\u011fi\u015fikliklere odaklan\u0131laca\u011f\u0131n\u0131 a\u00e7\u0131klad\u0131.<\/p>\n<p>Caferi ter\u00f6ristlerin bug\u00fcn \u015eam k\u0131rsal\u0131n\u0131n g\u00fcneyi Diyyabiye Beldesi giri\u015finde ger\u00e7ekle\u015ftirdikleri bombal\u0131 ter\u00f6r eyleminin, Cenevre&#8217;de muhalefet ad\u0131 alt\u0131nda g\u00f6r\u00fc\u015fmelere kat\u0131lan ve sonra \u00e7ekilme karar\u0131 alanlar\u0131n ter\u00f6rist olduklar\u0131n\u0131, i\u015fverenlerinin de ter\u00f6r destek\u00e7ileri olduklar\u0131n\u0131 net bir \u015fekilde kan\u0131tlad\u0131\u011f\u0131n\u0131 belirtti.<\/p>\n<p>https:\/\/youtu.be\/m6JqJ7wDgjc<\/p>\n<p>R.H.<\/p>\n","protected":false},"excerpt":{"rendered":"<p>CENEVRE \u2013 Suriyeliler aras\u0131ndaki dolayl\u0131 diyalog g\u00f6r\u00fc\u015fmelerinde Suriye Arap Cumhuriyeti heyeti bug\u00fcn BM genel sekreterinin Suriye \u00f6zel temsilcisi Staffan de Mistura ile BM\u2019nin Cenevre ofisinde iki kez bir araya geldi. Suriye Arap Cumhuriyeti heyetinin de Mistura ile ilk toplant\u0131s\u0131 \u00f6ncesinde a\u00e7\u0131klama yapan heyet ba\u015fkan\u0131 Be\u015f\u015far el Caferi; bug\u00fcnk\u00fc oturumda Suriye&#8217;nin, de Mistura\u2019n\u0131n takdim etti\u011fi 12 &hellip;<\/p>\n","protected":false},"author":1,"featured_media":70525,"comment_status":"closed","ping_status":"closed","sticky":false,"template":"","format":"standard","meta":{"footnotes":""},"categories":[458,459],"tags":[20726],"class_list":["post-70524","post","type-post","status-publish","format-standard","has-post-thumbnail","","category-dunya1","category-haberler-arap-uluslararasi-politika","tag-suriye-heyeti-de-mistura-ile-gorusuyor"],"_links":{"self":[{"href":"https:\/\/archive.sana.sy\/tr\/index.php?rest_route=\/wp\/v2\/posts\/70524","targetHints":{"allow":["GET"]}}],"collection":[{"href":"https:\/\/archive.sana.sy\/tr\/index.php?rest_route=\/wp\/v2\/posts"}],"about":[{"href":"https:\/\/archive.sana.sy\/tr\/index.php?rest_route=\/wp\/v2\/types\/post"}],"author":[{"embeddable":true,"href":"https:\/\/archive.sana.sy\/tr\/index.php?rest_route=\/wp\/v2\/users\/1"}],"replies":[{"embeddable":true,"href":"https:\/\/archive.sana.sy\/tr\/index.php?rest_route=%2Fwp%2Fv2%2Fcomments&post=70524"}],"version-history":[{"count":0,"href":"https:\/\/archive.sana.sy\/tr\/index.php?rest_route=\/wp\/v2\/posts\/70524\/revisions"}],"wp:featuredmedia":[{"embeddable":true,"href":"https:\/\/archive.sana.sy\/tr\/index.php?rest_route=\/wp\/v2\/media\/70525"}],"wp:attachment":[{"href":"https:\/\/archive.sana.sy\/tr\/index.php?rest_route=%2Fwp%2Fv2%2Fmedia&parent=70524"}],"wp:term":[{"taxonomy":"category","embeddable":true,"href":"https:\/\/archive.sana.sy\/tr\/index.php?rest_route=%2Fwp%2Fv2%2Fcategories&post=70524"},{"taxonomy":"post_tag","embeddable":true,"href":"https:\/\/archive.sana.sy\/tr\/index.php?rest_route=%2Fwp%2Fv2%2Ftags&post=70524"}],"curies":[{"name":"wp","href":"https:\/\/api.w.org\/{rel}","templated":true}]}}