{"id":70528,"date":"2016-04-25T16:32:45","date_gmt":"2016-04-25T13:32:45","guid":{"rendered":"http:\/\/www.sana.sy\/tr\/?p=70528"},"modified":"2016-04-25T16:34:03","modified_gmt":"2016-04-25T13:34:03","slug":"sana-delegesi-cenevrede-suriyeliler-arasindaki-dolayli-diyalog-gorusmeleri-cercevesinde-bessar-el-caferi-baskanligindaki-suriye-arap-cumhuriyeti-heyetinin-bm-genel-sekreterinin-suriye-ozel-temsilcis","status":"publish","type":"post","link":"https:\/\/archive.sana.sy\/tr\/?p=70528","title":{"rendered":"SANA delegesi Cenevre&#8217;de Suriyeliler aras\u0131ndaki dolayl\u0131 diyalog g\u00f6r\u00fc\u015fmeleri \u00e7er\u00e7evesinde Be\u015f\u015far el Caferi ba\u015fkanl\u0131\u011f\u0131ndaki Suriye Arap Cumhuriyeti heyetinin BM genel sekreterinin Suriye \u00f6zel temsilcisi Staffan de Mistura ile bug\u00fcn ikinci kez bir araya gelmek \u00fczere BM\u2019nin Cenevre ofisine girdi\u011fini aktard\u0131"},"content":{"rendered":"<p>SANA delegesi Cenevre&#8217;de Suriyeliler aras\u0131ndaki dolayl\u0131 diyalog g\u00f6r\u00fc\u015fmeleri \u00e7er\u00e7evesinde Be\u015f\u015far el Caferi ba\u015fkanl\u0131\u011f\u0131ndaki Suriye Arap Cumhuriyeti heyetinin BM genel sekreterinin Suriye \u00f6zel temsilcisi Staffan de Mistura ile bug\u00fcn ikinci kez bir araya gelmek \u00fczere BM\u2019nin Cenevre ofisine girdi\u011fini aktard\u0131<\/p>\n","protected":false},"excerpt":{"rendered":"<p>SANA delegesi Cenevre&#8217;de Suriyeliler aras\u0131ndaki dolayl\u0131 diyalog g\u00f6r\u00fc\u015fmeleri \u00e7er\u00e7evesinde Be\u015f\u015far el Caferi ba\u015fkanl\u0131\u011f\u0131ndaki Suriye Arap Cumhuriyeti heyetinin BM genel sekreterinin Suriye \u00f6zel temsilcisi Staffan de Mistura ile bug\u00fcn ikinci kez bir araya gelmek \u00fczere BM\u2019nin Cenevre ofisine girdi\u011fini aktard\u0131<\/p>\n","protected":false},"author":1,"featured_media":0,"comment_status":"closed","ping_status":"closed","sticky":false,"template":"","format":"standard","meta":{"footnotes":""},"categories":[17991],"tags":[],"class_list":["post-70528","post","type-post","status-publish","format-standard","","category-son-dakika"],"_links":{"self":[{"href":"https:\/\/archive.sana.sy\/tr\/index.php?rest_route=\/wp\/v2\/posts\/70528","targetHints":{"allow":["GET"]}}],"collection":[{"href":"https:\/\/archive.sana.sy\/tr\/index.php?rest_route=\/wp\/v2\/posts"}],"about":[{"href":"https:\/\/archive.sana.sy\/tr\/index.php?rest_route=\/wp\/v2\/types\/post"}],"author":[{"embeddable":true,"href":"https:\/\/archive.sana.sy\/tr\/index.php?rest_route=\/wp\/v2\/users\/1"}],"replies":[{"embeddable":true,"href":"https:\/\/archive.sana.sy\/tr\/index.php?rest_route=%2Fwp%2Fv2%2Fcomments&post=70528"}],"version-history":[{"count":0,"href":"https:\/\/archive.sana.sy\/tr\/index.php?rest_route=\/wp\/v2\/posts\/70528\/revisions"}],"wp:attachment":[{"href":"https:\/\/archive.sana.sy\/tr\/index.php?rest_route=%2Fwp%2Fv2%2Fmedia&parent=70528"}],"wp:term":[{"taxonomy":"category","embeddable":true,"href":"https:\/\/archive.sana.sy\/tr\/index.php?rest_route=%2Fwp%2Fv2%2Fcategories&post=70528"},{"taxonomy":"post_tag","embeddable":true,"href":"https:\/\/archive.sana.sy\/tr\/index.php?rest_route=%2Fwp%2Fv2%2Ftags&post=70528"}],"curies":[{"name":"wp","href":"https:\/\/api.w.org\/{rel}","templated":true}]}}