{"id":70538,"date":"2016-04-25T15:55:20","date_gmt":"2016-04-25T12:55:20","guid":{"rendered":"http:\/\/sana.sy\/tr\/?p=70538"},"modified":"2016-04-26T16:03:37","modified_gmt":"2016-04-26T13:03:37","slug":"sehit-ve-yaralilarin-arasinda-kadin-ve-cocuklar-da-var","status":"publish","type":"post","link":"https:\/\/archive.sana.sy\/tr\/?p=70538","title":{"rendered":"\u015eehit ve Yaral\u0131lar\u0131n Aras\u0131nda Kad\u0131n ve \u00c7ocuklar da Var"},"content":{"rendered":"<p>\u0130LLER\u00a0\u2013 Kim ve hangi hedefler u\u011fruna desteklendiklerinin art\u0131k herkes taraf\u0131ndan bilindi\u011fi ter\u00f6ristler bug\u00fcn muhtelif b\u00f6lgelerde sivilleri hedef alan sald\u0131r\u0131lar\u0131n\u0131 s\u00fcrd\u00fcrd\u00fc.<\/p>\n<p>Halep Emniyet M\u00fcd\u00fcrl\u00fc\u011f\u00fcnde bir kaynak Erdo\u011fan rejiminin destek ve talimatlar\u0131yla faaliyet g\u00f6steren Nusra Cephesi ve m\u00fcttefikleri di\u011fer ter\u00f6r \u00f6rg\u00fctlerin Halep Kentinin sivil yerle\u015fim alanlar\u0131na geli\u015fig\u00fczel f\u00fcze sald\u0131r\u0131lar\u0131n\u0131 s\u00fcrd\u00fcrmeleriyle bug\u00fcn aralar\u0131nda \u00e7ocuk ve kad\u0131nlar\u0131n bulundu\u011fu onlarca vatanda\u015f\u0131n \u015fehit ve yaral\u0131\u00a0d\u00fc\u015ft\u00fcklerini aktard\u0131.<\/p>\n<p>Kaynak S\u00fcleymaniye Semtini hedef alan 3 f\u00fcze sald\u0131r\u0131s\u0131nda 3 \u00e7ocu\u011fun \u015fehit, aralar\u0131nda \u00e7ocuk ve kad\u0131nlar\u0131n bulundu\u011fu 17 vatanda\u015f\u0131n yaral\u0131 d\u00fc\u015ft\u00fcklerini aktar\u0131rken yaral\u0131lar\u0131n bir k\u0131sm\u0131n\u0131n a\u011f\u0131r oldu\u011funa dikkat \u00e7ekti.<\/p>\n<p>Ter\u00f6ristlerin \u0130zaa Semtini de bir dizi f\u00fczeyle hedef ald\u0131klar\u0131n\u0131 ifade eden kaynak, burada ise 19 vatanda\u015f\u0131n yaraland\u0131\u011f\u0131n\u0131 s\u00f6yledi. Kaynak Zehra Cemiyeti Semtinde Bab el Farac ve Kurtuba Bulvar\u0131na d\u00fc\u015fen ter\u00f6r f\u00fczelerinde ise 2 ki\u015finin yaraland\u0131\u011f\u0131n\u0131 s\u00f6zlerine ekledi.<\/p>\n<p>G\u00fcn\u00fcn erken saatlerinde a\u00e7\u0131klama yapan kaynak; ter\u00f6ristlerin Cmeyliye, Mokambo ve E\u015frefiye semtlerine de yine geli\u015fig\u00fczel f\u00fcze sald\u0131r\u0131lar\u0131nda bulunduklar\u0131n\u0131 ifade ederken bu sald\u0131r\u0131larda bir kad\u0131n\u0131n \u015fehit, 5 vatanda\u015f\u0131n da yaral\u0131 d\u00fc\u015ft\u00fcklerini belirtmi\u015fti.<\/p>\n<p>Erdo\u011fan rejimine tabi ter\u00f6ristlerin son 48 saat i\u00e7inde Halep Kentinin muhtelif sivil yerle\u015fim alanlar\u0131na geli\u015fig\u00fczel f\u00fcze ve roket sald\u0131r\u0131lar\u0131nda aralar\u0131nda \u00e7ocuk ve kad\u0131nlar\u0131n bulundu\u011fu 10 vatanda\u015f \u015fehit, bir k\u0131sm\u0131 a\u011f\u0131r olmak \u00fczere onlarca vatanda\u015f da yaral\u0131 d\u00fc\u015ft\u00fc.<\/p>\n<p><span style=\"color: #0000ff\">DERA:<\/span><\/p>\n<p>\u00d6te yandan Dera Valili\u011finde yetkili bir kaynak; \u0130srail&#8217;den destek ve talimat alan ter\u00f6ristlerin f\u0131rlatt\u0131\u011f\u0131 5 f\u00fczenin Dera Kentindeki Maliye Bulvar\u0131 ve \u00e7evresine d\u00fc\u015fmeleri sonucunda bir vatanda\u015f\u0131n yaraland\u0131\u011f\u0131n\u0131; kamu ve \u00f6zel m\u00fclklerde b\u00fcy\u00fck maddi hasara yol a\u00e7t\u0131\u011f\u0131na dikkat \u00e7ekti.<\/p>\n","protected":false},"excerpt":{"rendered":"<p>\u0130LLER\u00a0\u2013 Kim ve hangi hedefler u\u011fruna desteklendiklerinin art\u0131k herkes taraf\u0131ndan bilindi\u011fi ter\u00f6ristler bug\u00fcn muhtelif b\u00f6lgelerde sivilleri hedef alan sald\u0131r\u0131lar\u0131n\u0131 s\u00fcrd\u00fcrd\u00fc. Halep Emniyet M\u00fcd\u00fcrl\u00fc\u011f\u00fcnde bir kaynak Erdo\u011fan rejiminin destek ve talimatlar\u0131yla faaliyet g\u00f6steren Nusra Cephesi ve m\u00fcttefikleri di\u011fer ter\u00f6r \u00f6rg\u00fctlerin Halep Kentinin sivil yerle\u015fim alanlar\u0131na geli\u015fig\u00fczel f\u00fcze sald\u0131r\u0131lar\u0131n\u0131 s\u00fcrd\u00fcrmeleriyle bug\u00fcn aralar\u0131nda \u00e7ocuk ve kad\u0131nlar\u0131n bulundu\u011fu onlarca &hellip;<\/p>\n","protected":false},"author":1,"featured_media":70541,"comment_status":"closed","ping_status":"closed","sticky":false,"template":"","format":"standard","meta":{"footnotes":""},"categories":[479,575,17988,478],"tags":[],"class_list":["post-70538","post","type-post","status-publish","format-standard","has-post-thumbnail","","category-haberler-yerel","category-olaylar-ve-gercekler","category-son-haberler","category-yerel"],"_links":{"self":[{"href":"https:\/\/archive.sana.sy\/tr\/index.php?rest_route=\/wp\/v2\/posts\/70538","targetHints":{"allow":["GET"]}}],"collection":[{"href":"https:\/\/archive.sana.sy\/tr\/index.php?rest_route=\/wp\/v2\/posts"}],"about":[{"href":"https:\/\/archive.sana.sy\/tr\/index.php?rest_route=\/wp\/v2\/types\/post"}],"author":[{"embeddable":true,"href":"https:\/\/archive.sana.sy\/tr\/index.php?rest_route=\/wp\/v2\/users\/1"}],"replies":[{"embeddable":true,"href":"https:\/\/archive.sana.sy\/tr\/index.php?rest_route=%2Fwp%2Fv2%2Fcomments&post=70538"}],"version-history":[{"count":0,"href":"https:\/\/archive.sana.sy\/tr\/index.php?rest_route=\/wp\/v2\/posts\/70538\/revisions"}],"wp:featuredmedia":[{"embeddable":true,"href":"https:\/\/archive.sana.sy\/tr\/index.php?rest_route=\/wp\/v2\/media\/70541"}],"wp:attachment":[{"href":"https:\/\/archive.sana.sy\/tr\/index.php?rest_route=%2Fwp%2Fv2%2Fmedia&parent=70538"}],"wp:term":[{"taxonomy":"category","embeddable":true,"href":"https:\/\/archive.sana.sy\/tr\/index.php?rest_route=%2Fwp%2Fv2%2Fcategories&post=70538"},{"taxonomy":"post_tag","embeddable":true,"href":"https:\/\/archive.sana.sy\/tr\/index.php?rest_route=%2Fwp%2Fv2%2Ftags&post=70538"}],"curies":[{"name":"wp","href":"https:\/\/api.w.org\/{rel}","templated":true}]}}