{"id":70563,"date":"2016-04-25T12:26:23","date_gmt":"2016-04-25T09:26:23","guid":{"rendered":"http:\/\/sana.sy\/tr\/?p=70563"},"modified":"2016-04-26T16:19:56","modified_gmt":"2016-04-26T13:19:56","slug":"kahramanlarimiz-buyuk-zafere-kararli-ilerleyislerini-surduruyorlar-5","status":"publish","type":"post","link":"https:\/\/archive.sana.sy\/tr\/?p=70563","title":{"rendered":"Kahramanlar\u0131m\u0131z B\u00fcy\u00fck Zafere Kararl\u0131 \u0130lerleyi\u015flerini S\u00fcrd\u00fcr\u00fcyorlar (video)"},"content":{"rendered":"<p>\u0130LLER \u2013 Kahraman ordu birliklerimiz halk\u0131m\u0131zdan ve vatana duyduklar\u0131 b\u00fcy\u00fck ba\u011fl\u0131l\u0131ktan ald\u0131klar\u0131 azim ve g\u00fc\u00e7le silahl\u0131 ter\u00f6r gruplar\u0131n\u0131 \u00fclke topraklar\u0131ndan tamamen yok edecekleri b\u00fcy\u00fck zafere do\u011fru kararl\u0131 ilerleyi\u015flerini s\u00fcrd\u00fcr\u00fcyorlar.<\/p>\n<p><span style=\"color: #0000ff\">HOMS:<\/span><\/p>\n<p>Askeri kaynak SANA\u2019ya a\u00e7\u0131klamas\u0131nda hava g\u00fc\u00e7lerimizin Homs k\u0131rsal\u0131n\u0131n do\u011fusu Tedmur Kenti yak\u0131nlar\u0131nda I\u015e\u0130D\u2019in siper ve ara\u00e7 konvoylar\u0131n\u0131 yo\u011fun ate\u015fe tutmalar\u0131 sonucunda \u00e7ok say\u0131da ter\u00f6risti \u00f6l\u00fc ve yaral\u0131 d\u00fc\u015f\u00fcr\u00fcp a\u011f\u0131r makineli silahlarla donat\u0131lm\u0131\u015f ara\u00e7lar\u0131n\u0131 y\u00fckleriyle birlikte imha ettiklerini belirtti.<\/p>\n<p><span style=\"color: #0000ff\">S\u00dcVEYDA:<\/span><\/p>\n<p>\u00d6te yandan askeri bir kaynak SANA\u2019ya a\u00e7\u0131klamas\u0131nda; ordu birliklerimizin S\u00fcveyda k\u0131rsal\u0131n\u0131n kuzeydo\u011fusu Tlul el Fediyyin B\u00f6lgesinde I\u015e\u0130D ter\u00f6r \u00f6rg\u00fct\u00fcne tabi mevki ve toplanma yerlerini hedef almalar\u0131yla bir\u00e7ok ter\u00f6risti \u00f6ld\u00fcr\u00fcp a\u011f\u0131r makineli silahla donat\u0131lm\u0131\u015f z\u0131rhl\u0131 bir arac\u0131 tamamen imha ettiklerini belirtti.<\/p>\n<p>Ordu birliklerimiz Halk Savunma G\u00fc\u00e7leriyle i\u015fbirli\u011fi i\u00e7inde S\u00fcveyda k\u0131rsal\u0131n\u0131n kuzeydo\u011fusunda I\u015e\u0130D \u00e7etelerinin Badiye\u2019nin kenarlar\u0131ndaki yerle\u015fim yerlerine s\u0131zma giri\u015fimlerini \u00e7\u00f6kerterek \u00dcrd\u00fcn ve Irak s\u0131n\u0131rlar\u0131na a\u00e7\u0131lan geni\u015f Suriye Badiyesi \u00fczerinden silah ve m\u00fchimmat ka\u00e7\u0131rma \u00e7abalar\u0131n\u0131 da engellemeye \u00e7al\u0131\u015f\u0131yor.<\/p>\n<p><span style=\"color: #0000ff\">DERA:<\/span><\/p>\n<p>Bu arada ordu birliklerimiz Dera Beled\u2019te \u0130srail\u2019den destek alan Nusra Cephesinin komuta karargahlar\u0131 ve mevkilerine y\u00f6nelik son saatlerde d\u00fczenledikleri nitelikli operasyonlar\u0131nda bir k\u0131sm\u0131 a\u011f\u0131r makineli silahla donat\u0131lm\u0131\u015f, bir k\u0131sm\u0131 da ter\u00f6rist ve cephane ta\u015f\u0131yan ara\u00e7lar\u0131n\u0131 y\u00fckleriyle birlikte yok etti.<\/p>\n<p><span style=\"color: #0000ff\">HALEP:<\/span><\/p>\n<p>Halep&#8217;te askeri bir kaynak SANA\u2019ya a\u00e7\u0131klamas\u0131nda Erdo\u011fan ve al Suud rejimlerinden destek ve talimat alan tekfirci ter\u00f6ristlerin kentin bat\u0131s\u0131 Esad Banliy\u00f6s\u00fcnde kanalizasyonlar\u0131 kullanarak bulunduklar\u0131 sald\u0131r\u0131lar\u0131 ba\u015far\u0131yla \u00e7\u00f6kerttiklerini belirtti.<\/p>\n<p>Kaynak \u00e7at\u0131\u015fmada Nusra Cephesi ve m\u00fcttefikleri di\u011fer ter\u00f6r \u00e7etelerinden onlarcas\u0131n\u0131n \u00f6l\u00fc yaral\u0131 d\u00fc\u015f\u00fcr\u00fcld\u00fcklerini aktard\u0131.<\/p>\n<p>https:\/\/youtu.be\/lItBJYsfjdk<\/p>\n<p>R.H.<\/p>\n<p>&nbsp;<\/p>\n","protected":false},"excerpt":{"rendered":"<p>\u0130LLER \u2013 Kahraman ordu birliklerimiz halk\u0131m\u0131zdan ve vatana duyduklar\u0131 b\u00fcy\u00fck ba\u011fl\u0131l\u0131ktan ald\u0131klar\u0131 azim ve g\u00fc\u00e7le silahl\u0131 ter\u00f6r gruplar\u0131n\u0131 \u00fclke topraklar\u0131ndan tamamen yok edecekleri b\u00fcy\u00fck zafere do\u011fru kararl\u0131 ilerleyi\u015flerini s\u00fcrd\u00fcr\u00fcyorlar. HOMS: Askeri kaynak SANA\u2019ya a\u00e7\u0131klamas\u0131nda hava g\u00fc\u00e7lerimizin Homs k\u0131rsal\u0131n\u0131n do\u011fusu Tedmur Kenti yak\u0131nlar\u0131nda I\u015e\u0130D\u2019in siper ve ara\u00e7 konvoylar\u0131n\u0131 yo\u011fun ate\u015fe tutmalar\u0131 sonucunda \u00e7ok say\u0131da ter\u00f6risti \u00f6l\u00fc &hellip;<\/p>\n","protected":false},"author":1,"featured_media":70566,"comment_status":"closed","ping_status":"closed","sticky":false,"template":"","format":"standard","meta":{"footnotes":""},"categories":[575,17988],"tags":[],"class_list":["post-70563","post","type-post","status-publish","format-standard","has-post-thumbnail","","category-olaylar-ve-gercekler","category-son-haberler"],"_links":{"self":[{"href":"https:\/\/archive.sana.sy\/tr\/index.php?rest_route=\/wp\/v2\/posts\/70563","targetHints":{"allow":["GET"]}}],"collection":[{"href":"https:\/\/archive.sana.sy\/tr\/index.php?rest_route=\/wp\/v2\/posts"}],"about":[{"href":"https:\/\/archive.sana.sy\/tr\/index.php?rest_route=\/wp\/v2\/types\/post"}],"author":[{"embeddable":true,"href":"https:\/\/archive.sana.sy\/tr\/index.php?rest_route=\/wp\/v2\/users\/1"}],"replies":[{"embeddable":true,"href":"https:\/\/archive.sana.sy\/tr\/index.php?rest_route=%2Fwp%2Fv2%2Fcomments&post=70563"}],"version-history":[{"count":0,"href":"https:\/\/archive.sana.sy\/tr\/index.php?rest_route=\/wp\/v2\/posts\/70563\/revisions"}],"wp:featuredmedia":[{"embeddable":true,"href":"https:\/\/archive.sana.sy\/tr\/index.php?rest_route=\/wp\/v2\/media\/70566"}],"wp:attachment":[{"href":"https:\/\/archive.sana.sy\/tr\/index.php?rest_route=%2Fwp%2Fv2%2Fmedia&parent=70563"}],"wp:term":[{"taxonomy":"category","embeddable":true,"href":"https:\/\/archive.sana.sy\/tr\/index.php?rest_route=%2Fwp%2Fv2%2Fcategories&post=70563"},{"taxonomy":"post_tag","embeddable":true,"href":"https:\/\/archive.sana.sy\/tr\/index.php?rest_route=%2Fwp%2Fv2%2Ftags&post=70563"}],"curies":[{"name":"wp","href":"https:\/\/api.w.org\/{rel}","templated":true}]}}