{"id":70570,"date":"2016-04-25T11:30:45","date_gmt":"2016-04-25T08:30:45","guid":{"rendered":"http:\/\/sana.sy\/tr\/?p=70570"},"modified":"2016-04-26T16:04:21","modified_gmt":"2016-04-26T13:04:21","slug":"mevcut-surec-icinde-boyle-bir-toplanti-zor","status":"publish","type":"post","link":"https:\/\/archive.sana.sy\/tr\/?p=70570","title":{"rendered":"Mevcut S\u00fcre\u00e7 \u0130\u00e7inde B\u00f6yle Bir Toplant\u0131 Zor"},"content":{"rendered":"<p>MOSKOVA \u2013 Rusya Ba\u015fkanl\u0131k Saray\u0131 Kremlin s\u00f6zc\u00fcs\u00fc Dmitry Peskov; kimi taraflar\u0131n esnekli\u011fi kaybetmesi nedeniyle mevcut s\u00fcre\u00e7 i\u00e7inde Uluslararas\u0131 Suriye&#8217;ye Destek Grubu \u00fclkelerinin toplanmas\u0131ndan s\u00f6z etmenin zor oldu\u011funu ilan etti.<\/p>\n<p>Peskov bug\u00fcn Moskova&#8217;da yapt\u0131\u011f\u0131 bas\u0131n a\u00e7\u0131klamas\u0131nda BM genel sekreterinin Suriye \u00f6zel temsilcisi Staffan de Mistura\u2019n\u0131n s\u00f6z konusu grup \u00fclkelerinin toplanma \u00e7a\u011fr\u0131s\u0131na ili\u015fkin soruya cevab\u0131nda; m\u00fczakereler s\u00fcrecinde kimi taraflar\u0131n esnekli\u011fi tamamen kaybettiklerini, dolay\u0131s\u0131yla mevcut s\u00fcre\u00e7 i\u00e7inde b\u00f6yle bir toplant\u0131n\u0131n olmas\u0131n\u0131n zor oldu\u011funu s\u00f6yledi.<\/p>\n<p>Cenevre&#8217;de Suriyeliler aras\u0131ndaki dolayl\u0131 diyalog g\u00f6r\u00fc\u015fmelerinde durumlar\u0131n gerilemesi nedeniyle Rusya&#8217;n\u0131n derin bir endi\u015fe duydu\u011funu ifade eden Peskov; Moskova&#8217;n\u0131n bu s\u00fcrecin sabote edilmesini engelleme amac\u0131yla yo\u011fun \u00e7abalarda bulundu\u011funa dikkat \u00e7ekti.<\/p>\n","protected":false},"excerpt":{"rendered":"<p>MOSKOVA \u2013 Rusya Ba\u015fkanl\u0131k Saray\u0131 Kremlin s\u00f6zc\u00fcs\u00fc Dmitry Peskov; kimi taraflar\u0131n esnekli\u011fi kaybetmesi nedeniyle mevcut s\u00fcre\u00e7 i\u00e7inde Uluslararas\u0131 Suriye&#8217;ye Destek Grubu \u00fclkelerinin toplanmas\u0131ndan s\u00f6z etmenin zor oldu\u011funu ilan etti. Peskov bug\u00fcn Moskova&#8217;da yapt\u0131\u011f\u0131 bas\u0131n a\u00e7\u0131klamas\u0131nda BM genel sekreterinin Suriye \u00f6zel temsilcisi Staffan de Mistura\u2019n\u0131n s\u00f6z konusu grup \u00fclkelerinin toplanma \u00e7a\u011fr\u0131s\u0131na ili\u015fkin soruya cevab\u0131nda; m\u00fczakereler s\u00fcrecinde &hellip;<\/p>\n","protected":false},"author":1,"featured_media":65413,"comment_status":"closed","ping_status":"closed","sticky":false,"template":"","format":"standard","meta":{"footnotes":""},"categories":[458,459,17988],"tags":[],"class_list":["post-70570","post","type-post","status-publish","format-standard","has-post-thumbnail","","category-dunya1","category-haberler-arap-uluslararasi-politika","category-son-haberler"],"_links":{"self":[{"href":"https:\/\/archive.sana.sy\/tr\/index.php?rest_route=\/wp\/v2\/posts\/70570","targetHints":{"allow":["GET"]}}],"collection":[{"href":"https:\/\/archive.sana.sy\/tr\/index.php?rest_route=\/wp\/v2\/posts"}],"about":[{"href":"https:\/\/archive.sana.sy\/tr\/index.php?rest_route=\/wp\/v2\/types\/post"}],"author":[{"embeddable":true,"href":"https:\/\/archive.sana.sy\/tr\/index.php?rest_route=\/wp\/v2\/users\/1"}],"replies":[{"embeddable":true,"href":"https:\/\/archive.sana.sy\/tr\/index.php?rest_route=%2Fwp%2Fv2%2Fcomments&post=70570"}],"version-history":[{"count":0,"href":"https:\/\/archive.sana.sy\/tr\/index.php?rest_route=\/wp\/v2\/posts\/70570\/revisions"}],"wp:featuredmedia":[{"embeddable":true,"href":"https:\/\/archive.sana.sy\/tr\/index.php?rest_route=\/wp\/v2\/media\/65413"}],"wp:attachment":[{"href":"https:\/\/archive.sana.sy\/tr\/index.php?rest_route=%2Fwp%2Fv2%2Fmedia&parent=70570"}],"wp:term":[{"taxonomy":"category","embeddable":true,"href":"https:\/\/archive.sana.sy\/tr\/index.php?rest_route=%2Fwp%2Fv2%2Fcategories&post=70570"},{"taxonomy":"post_tag","embeddable":true,"href":"https:\/\/archive.sana.sy\/tr\/index.php?rest_route=%2Fwp%2Fv2%2Ftags&post=70570"}],"curies":[{"name":"wp","href":"https:\/\/api.w.org\/{rel}","templated":true}]}}